{"id":14224,"date":"2026-08-04T10:20:00","date_gmt":"2026-08-04T10:20:00","guid":{"rendered":"https:\/\/www.arbre-dor.com\/?p=14224"},"modified":"2026-09-03T12:53:40","modified_gmt":"2026-09-03T12:53:40","slug":"course-landaise-landas","status":"publish","type":"post","link":"https:\/\/www.arbre-dor.com\/es\/turismo-landas\/course-landaise-landas\/","title":{"rendered":"Course Landaise en las Landas: \u00bfd\u00f3nde verla cerca del camping?"},"content":{"rendered":"<h2>El espect\u00e1culo Landes \u00c9motions en Parentis, una primera toma de contacto en familia<\/h2>\n<p>Para una primera toma de contacto, le recomendamos dirigirse a la <strong>plaza cubierta de Parentis-en-Born<\/strong>, a solo 6 minutos de L&#8217;Arbre d&#8217;Or.<\/p>\n<p>El espect\u00e1culo land\u00e9s <strong>\u00c9motions<\/strong> despliega <strong>unos 110 minutos de tradiciones landesas<\/strong>: \u00e9carts, saltos, zancudos y bandas de m\u00fasica, <strong>sin que el animal muera nunca<\/strong>. Este formato tranquiliza tanto a los reci\u00e9n llegados como a los ni\u00f1os.<\/p>\n<p><em>Un dato \u00fatil: al ser una plaza cubierta, el espect\u00e1culo se mantiene incluso si llueve. Ar\u00e8nes Roland Portalier, en Parentis-en-Born. Sesiones varias noches en julio y agosto. Acceso para personas con movilidad reducida.<\/em><\/p>\n<h2>La feria de la Sen Bertomiu y la plaza de Mimizan, la tradici\u00f3n m\u00e1s pura<\/h2>\n<p>\u00bfPrefiere sentir <strong>la emoci\u00f3n en estado puro<\/strong> de una fiesta de pueblo? Las ferias dan a la <strong>course landaise<\/strong> un ambiente mucho m\u00e1s festivo.<\/p>\n<p>Cita del <strong>viernes 7 al martes 11 de agosto de 2026 en la feria de la Sen Bertomiu<\/strong>, que inflama Parentis durante 5 d\u00edas.<\/p>\n<p>El programa combina <strong>courses landaises, recortes y croque-vache<\/strong>, todo ello sin derramamiento de sangre.<\/p>\n<p>Nuestra gu\u00eda de <a href=\"https:\/\/www.arbre-dor.com\/es\/turismo-parentis-en-born\/\">vacaciones en Parentis-en-Born<\/a> recoge los momentos m\u00e1s destacados de la temporada.<\/p>\n<p><em>Informaci\u00f3n pr\u00e1ctica: la feria se celebra a principios de agosto en la plaza de Parentis, durante 5 d\u00edas. La plaza de Mimizan, en la avenida Maurice Martin, est\u00e1 a unos treinta minutos. Numerosas animaciones de entrada gratuita. Venga vestido de blanco y rojo.<\/em><\/p>\n<h2>\u00c9cart, saut y cordier, los c\u00f3digos de la course landaise<\/h2>\n<p>La <strong>course landaise<\/strong> se basa en dos figuras, el \u00e9cart y el saut, ejecutadas frente a una vaca llamada coursi\u00e8re. Est\u00e1 inscrita en el <a href=\"https:\/\/www.culture.gouv.fr\/thematiques\/patrimoine-culturel-immateriel\/le-patrimoine-culturel-immateriel\/l-inventaire-national-du-patrimoine-culturel-immateriel\">inventario nacional del patrimonio cultural inmaterial<\/a> franc\u00e9s. Tres protagonistas se reparten la pista:<\/p>\n<ul>\n<li><strong>El \u00e9carteur<\/strong> esquiva a la vaca en el \u00faltimo instante, reconocible por su bolero bordado.<\/li>\n<li><strong>El sauteur<\/strong> salta por encima del animal lanzado al galope, vestido totalmente de blanco.<\/li>\n<li><strong>El cordier<\/strong> sujeta la cuerda que gu\u00eda la carrera del animal.<\/li>\n<\/ul>\n<p><em>Informaci\u00f3n pr\u00e1ctica: una course landaise dura 2 horas y re\u00fane a una decena de vacas frente a una cuadrilla. Ning\u00fan animal muere: aqu\u00ed, en las <a href=\"https:\/\/www.arbre-dor.com\/es\/turismo-landas\/\">Landas<\/a>, lo que se pone en valor es la t\u00e9cnica y el sangre fr\u00eda.<\/em><\/p>\n<p>Im\u00e1genes generadas por IA<\/p>\n<p>Fuentes:<\/p>\n<ul>\n<li style=\"font-weight: 400\"><span style=\"font-weight: 400\">Minist\u00e8re de la Culture, ficha de inventario del patrimonio cultural inmaterial, la course landaise (\u00e9cart, saut, duraci\u00f3n, inscripci\u00f3n): https:\/\/www.culture.gouv.fr\/Media\/Thematiques\/Patrimoine-culturel-immateriel\/Files\/Fiches-inventaire-du-PCI\/la-course-landaise.pdf<\/span><\/li>\n<li style=\"font-weight: 400\"><span style=\"font-weight: 400\">Landes \u00c9motions, el espect\u00e1culo (plaza cubierta de Parentis, duraci\u00f3n, tarifas, plaza de Mimizan): https:\/\/landes-emotions.fr\/le-spectacle\/<\/span><\/li>\n<li style=\"font-weight: 400\"><span style=\"font-weight: 400\">Comit\u00e9 Departamental de Turismo de las Landas, agenda de courses landaises: https:\/\/www.tourismelandes.com\/preparer-mon-sejour\/agenda\/course-landaise-toroball\/<\/span><\/li>\n<li style=\"font-weight: 400\"><span style=\"font-weight: 400\">Ayuntamiento de Parentis-en-Born, agenda de la course landaise y la feria de la Sen Bertomiu: https:\/\/www.parentis.com\/Mairie-de-Parentis-en-Born\/Votre-ville\/Toute-l-actualite\/Agenda\/Course-Landaise<\/span><\/li>\n<\/ul>\n<h4>\u00bfHay que reservar con antelaci\u00f3n para ver una course landaise?<\/h4>\n<h4>\u00bfQu\u00e9 course landaise es m\u00e1s adecuada para los ni\u00f1os?<\/h4>\n<h4>\u00bfEs peligrosa la course landaise para las vacas?<\/h4>\n","protected":false},"excerpt":{"rendered":"<p>El espect\u00e1culo Landes \u00c9motions en Parentis, una primera toma de contacto en familia Para una primera toma de contacto, le recomendamos dirigirse a la plaza cubierta de Parentis-en-Born, a solo 6 minutos de L&#8217;Arbre d&#8217;Or. El espect\u00e1culo land\u00e9s \u00c9motions despliega unos 110 minutos de tradiciones landesas: \u00e9carts, saltos, zancudos y bandas de m\u00fasica, sin que [&hellip;]<\/p>\n","protected":false},"author":4,"featured_media":14225,"comment_status":"open","ping_status":"closed","sticky":false,"template":"","format":"standard","meta":{"_acf_changed":false,"_et_pb_use_builder":"","_et_pb_old_content":"","_et_gb_content_width":"","inline_featured_image":false,"footnotes":""},"categories":[81],"tags":[],"class_list":["post-14224","post","type-post","status-publish","format-standard","has-post-thumbnail","category-turismo-landas"],"acf":{"essentiel_a_retenir":null,"faq":null,"sources":null,"sources_verifie_le":null,"cta_bas_de_page":{"titre":"Despu\u00e9s de la plaza, la calma del lago","texte":"L\u2019Arbre d\u2019Or le espera en Parentis-en-Born para prolongar la emoci\u00f3n de la course landaise junto al lago de Biscarrosse. Parcelas con sombra y mobil-homes a pocos pasos del agua para relajarse tras el espect\u00e1culo."}},"yoast_head":"<!-- This site is optimized with the Yoast SEO plugin v28.4 - https:\/\/yoast.com\/product\/yoast-seo-wordpress\/ -->\n<title>Course Landaise en las Landas: \u00bfd\u00f3nde verla cerca del camping?<\/title>\n<meta name=\"description\" content=\"Asista a una course landaise a pocos minutos del camping: la plaza cubierta de Parentis, las ferias de Mimizan y un espect\u00e1culo familiar sin muerte del animal.\" \/>\n<meta name=\"robots\" content=\"index, follow, max-snippet:-1, max-image-preview:large, max-video-preview:-1\" \/>\n<link rel=\"canonical\" href=\"https:\/\/www.arbre-dor.com\/es\/turismo-landas\/course-landaise-landas\/\" \/>\n<meta property=\"og:locale\" content=\"es_ES\" \/>\n<meta property=\"og:type\" content=\"article\" \/>\n<meta property=\"og:title\" content=\"Course Landaise en las Landas: \u00bfd\u00f3nde verla cerca del camping?\" \/>\n<meta property=\"og:description\" content=\"Asista a una course landaise a pocos minutos del camping: la plaza cubierta de Parentis, las ferias de Mimizan y un espect\u00e1culo familiar sin muerte del animal.\" \/>\n<meta property=\"og:url\" content=\"https:\/\/www.arbre-dor.com\/es\/turismo-landas\/course-landaise-landas\/\" \/>\n<meta property=\"og:site_name\" content=\"Camping l&#039;Arbre d&#039;Or\" \/>\n<meta property=\"article:published_time\" content=\"2026-08-04T10:20:00+00:00\" \/>\n<meta property=\"article:modified_time\" content=\"2026-09-03T12:53:40+00:00\" \/>\n<meta property=\"og:image\" content=\"https:\/\/www.arbre-dor.com\/wp-content\/uploads\/2026\/08\/course-landaise-dans-les-landes.jpg\" \/>\n\t<meta property=\"og:image:width\" content=\"1024\" \/>\n\t<meta property=\"og:image:height\" content=\"370\" \/>\n\t<meta property=\"og:image:type\" content=\"image\/jpeg\" \/>\n<meta name=\"author\" content=\"Guillaume Gruat\" \/>\n<meta name=\"twitter:card\" content=\"summary_large_image\" \/>\n<meta name=\"twitter:label1\" content=\"Escrito por\" \/>\n\t<meta name=\"twitter:data1\" content=\"Guillaume Gruat\" \/>\n\t<meta name=\"twitter:label2\" content=\"Tiempo de lectura\" \/>\n\t<meta name=\"twitter:data2\" content=\"3 minutos\" \/>\n<script type=\"application\/ld+json\" class=\"yoast-schema-graph\">{\"@context\":\"https:\\\/\\\/schema.org\",\"@graph\":[{\"@type\":\"Article\",\"@id\":\"https:\\\/\\\/www.arbre-dor.com\\\/es\\\/turismo-landas\\\/course-landaise-landas\\\/#article\",\"isPartOf\":{\"@id\":\"https:\\\/\\\/www.arbre-dor.com\\\/es\\\/turismo-landas\\\/course-landaise-landas\\\/\"},\"author\":{\"name\":\"Guillaume Gruat\",\"@id\":\"https:\\\/\\\/www.arbre-dor.com\\\/es\\\/#\\\/schema\\\/person\\\/f1191dbb0bfea9e40ba6c36af0e314a0\"},\"headline\":\"Course Landaise en las Landas: \u00bfd\u00f3nde verla cerca del camping?\",\"datePublished\":\"2026-08-04T10:20:00+00:00\",\"dateModified\":\"2026-09-03T12:53:40+00:00\",\"mainEntityOfPage\":{\"@id\":\"https:\\\/\\\/www.arbre-dor.com\\\/es\\\/turismo-landas\\\/course-landaise-landas\\\/\"},\"wordCount\":527,\"commentCount\":0,\"image\":{\"@id\":\"https:\\\/\\\/www.arbre-dor.com\\\/es\\\/turismo-landas\\\/course-landaise-landas\\\/#primaryimage\"},\"thumbnailUrl\":\"https:\\\/\\\/www.arbre-dor.com\\\/wp-content\\\/uploads\\\/2026\\\/08\\\/course-landaise-dans-les-landes.jpg\",\"articleSection\":[\"Turismo Landas\"],\"inLanguage\":\"es\",\"potentialAction\":[{\"@type\":\"CommentAction\",\"name\":\"Comment\",\"target\":[\"https:\\\/\\\/www.arbre-dor.com\\\/es\\\/turismo-landas\\\/course-landaise-landas\\\/#respond\"]}]},{\"@type\":\"WebPage\",\"@id\":\"https:\\\/\\\/www.arbre-dor.com\\\/es\\\/turismo-landas\\\/course-landaise-landas\\\/\",\"url\":\"https:\\\/\\\/www.arbre-dor.com\\\/es\\\/turismo-landas\\\/course-landaise-landas\\\/\",\"name\":\"Course Landaise en las Landas: \u00bfd\u00f3nde verla cerca del camping?\",\"isPartOf\":{\"@id\":\"https:\\\/\\\/www.arbre-dor.com\\\/es\\\/#website\"},\"primaryImageOfPage\":{\"@id\":\"https:\\\/\\\/www.arbre-dor.com\\\/es\\\/turismo-landas\\\/course-landaise-landas\\\/#primaryimage\"},\"image\":{\"@id\":\"https:\\\/\\\/www.arbre-dor.com\\\/es\\\/turismo-landas\\\/course-landaise-landas\\\/#primaryimage\"},\"thumbnailUrl\":\"https:\\\/\\\/www.arbre-dor.com\\\/wp-content\\\/uploads\\\/2026\\\/08\\\/course-landaise-dans-les-landes.jpg\",\"datePublished\":\"2026-08-04T10:20:00+00:00\",\"dateModified\":\"2026-09-03T12:53:40+00:00\",\"author\":{\"@id\":\"https:\\\/\\\/www.arbre-dor.com\\\/es\\\/#\\\/schema\\\/person\\\/f1191dbb0bfea9e40ba6c36af0e314a0\"},\"description\":\"Asista a una course landaise a pocos minutos del camping: la plaza cubierta de Parentis, las ferias de Mimizan y un espect\u00e1culo familiar sin muerte del animal.\",\"breadcrumb\":{\"@id\":\"https:\\\/\\\/www.arbre-dor.com\\\/es\\\/turismo-landas\\\/course-landaise-landas\\\/#breadcrumb\"},\"inLanguage\":\"es\",\"potentialAction\":[{\"@type\":\"ReadAction\",\"target\":[\"https:\\\/\\\/www.arbre-dor.com\\\/es\\\/turismo-landas\\\/course-landaise-landas\\\/\"]}]},{\"@type\":\"ImageObject\",\"inLanguage\":\"es\",\"@id\":\"https:\\\/\\\/www.arbre-dor.com\\\/es\\\/turismo-landas\\\/course-landaise-landas\\\/#primaryimage\",\"url\":\"https:\\\/\\\/www.arbre-dor.com\\\/wp-content\\\/uploads\\\/2026\\\/08\\\/course-landaise-dans-les-landes.jpg\",\"contentUrl\":\"https:\\\/\\\/www.arbre-dor.com\\\/wp-content\\\/uploads\\\/2026\\\/08\\\/course-landaise-dans-les-landes.jpg\",\"width\":1024,\"height\":370,\"caption\":\"Course Landaise Dans Les Landes\"},{\"@type\":\"BreadcrumbList\",\"@id\":\"https:\\\/\\\/www.arbre-dor.com\\\/es\\\/turismo-landas\\\/course-landaise-landas\\\/#breadcrumb\",\"itemListElement\":[{\"@type\":\"ListItem\",\"position\":1,\"name\":\"Camping Biscarrosse\",\"item\":\"https:\\\/\\\/www.arbre-dor.com\\\/es\\\/\"},{\"@type\":\"ListItem\",\"position\":2,\"name\":\"Turismo Landas\",\"item\":\"https:\\\/\\\/www.arbre-dor.com\\\/es\\\/.\\\/turismo-landas\\\/\"},{\"@type\":\"ListItem\",\"position\":3,\"name\":\"Course Landaise en las Landas: \u00bfd\u00f3nde verla cerca del camping?\"}]},{\"@type\":\"WebSite\",\"@id\":\"https:\\\/\\\/www.arbre-dor.com\\\/es\\\/#website\",\"url\":\"https:\\\/\\\/www.arbre-dor.com\\\/es\\\/\",\"name\":\"Camping l&#039;Arbre d&#039;Or\",\"description\":\"\",\"potentialAction\":[{\"@type\":\"SearchAction\",\"target\":{\"@type\":\"EntryPoint\",\"urlTemplate\":\"https:\\\/\\\/www.arbre-dor.com\\\/es\\\/?s={search_term_string}\"},\"query-input\":{\"@type\":\"PropertyValueSpecification\",\"valueRequired\":true,\"valueName\":\"search_term_string\"}}],\"inLanguage\":\"es\"},{\"@type\":\"Person\",\"@id\":\"https:\\\/\\\/www.arbre-dor.com\\\/es\\\/#\\\/schema\\\/person\\\/f1191dbb0bfea9e40ba6c36af0e314a0\",\"name\":\"Guillaume Gruat\",\"image\":{\"@type\":\"ImageObject\",\"inLanguage\":\"es\",\"@id\":\"https:\\\/\\\/secure.gravatar.com\\\/avatar\\\/1513396c7ac8c82899917dad2e9fe7f1342b30b31f25d972a498d2fffdec2be0?s=96&d=mm&r=g\",\"url\":\"https:\\\/\\\/secure.gravatar.com\\\/avatar\\\/1513396c7ac8c82899917dad2e9fe7f1342b30b31f25d972a498d2fffdec2be0?s=96&d=mm&r=g\",\"contentUrl\":\"https:\\\/\\\/secure.gravatar.com\\\/avatar\\\/1513396c7ac8c82899917dad2e9fe7f1342b30b31f25d972a498d2fffdec2be0?s=96&d=mm&r=g\",\"caption\":\"Guillaume Gruat\"},\"description\":\"G\u00e9rant du camping L'Arbre d'Or et pr\u00e9sident du SDHPA des Landes, je connais les Landes comme ma poche.\"}]}<\/script>\n<!-- \/ Yoast SEO plugin. -->","yoast_head_json":{"title":"Course Landaise en las Landas: \u00bfd\u00f3nde verla cerca del camping?","description":"Asista a una course landaise a pocos minutos del camping: la plaza cubierta de Parentis, las ferias de Mimizan y un espect\u00e1culo familiar sin muerte del animal.","robots":{"index":"index","follow":"follow","max-snippet":"max-snippet:-1","max-image-preview":"max-image-preview:large","max-video-preview":"max-video-preview:-1"},"canonical":"https:\/\/www.arbre-dor.com\/es\/turismo-landas\/course-landaise-landas\/","og_locale":"es_ES","og_type":"article","og_title":"Course Landaise en las Landas: \u00bfd\u00f3nde verla cerca del camping?","og_description":"Asista a una course landaise a pocos minutos del camping: la plaza cubierta de Parentis, las ferias de Mimizan y un espect\u00e1culo familiar sin muerte del animal.","og_url":"https:\/\/www.arbre-dor.com\/es\/turismo-landas\/course-landaise-landas\/","og_site_name":"Camping l&#039;Arbre d&#039;Or","article_published_time":"2026-08-04T10:20:00+00:00","article_modified_time":"2026-09-03T12:53:40+00:00","og_image":[{"width":1024,"height":370,"url":"https:\/\/www.arbre-dor.com\/wp-content\/uploads\/2026\/08\/course-landaise-dans-les-landes.jpg","type":"image\/jpeg"}],"author":"Guillaume Gruat","twitter_card":"summary_large_image","twitter_misc":{"Escrito por":"Guillaume Gruat","Tiempo de lectura":"3 minutos"},"schema":{"@context":"https:\/\/schema.org","@graph":[{"@type":"Article","@id":"https:\/\/www.arbre-dor.com\/es\/turismo-landas\/course-landaise-landas\/#article","isPartOf":{"@id":"https:\/\/www.arbre-dor.com\/es\/turismo-landas\/course-landaise-landas\/"},"author":{"name":"Guillaume Gruat","@id":"https:\/\/www.arbre-dor.com\/es\/#\/schema\/person\/f1191dbb0bfea9e40ba6c36af0e314a0"},"headline":"Course Landaise en las Landas: \u00bfd\u00f3nde verla cerca del camping?","datePublished":"2026-08-04T10:20:00+00:00","dateModified":"2026-09-03T12:53:40+00:00","mainEntityOfPage":{"@id":"https:\/\/www.arbre-dor.com\/es\/turismo-landas\/course-landaise-landas\/"},"wordCount":527,"commentCount":0,"image":{"@id":"https:\/\/www.arbre-dor.com\/es\/turismo-landas\/course-landaise-landas\/#primaryimage"},"thumbnailUrl":"https:\/\/www.arbre-dor.com\/wp-content\/uploads\/2026\/08\/course-landaise-dans-les-landes.jpg","articleSection":["Turismo Landas"],"inLanguage":"es","potentialAction":[{"@type":"CommentAction","name":"Comment","target":["https:\/\/www.arbre-dor.com\/es\/turismo-landas\/course-landaise-landas\/#respond"]}]},{"@type":"WebPage","@id":"https:\/\/www.arbre-dor.com\/es\/turismo-landas\/course-landaise-landas\/","url":"https:\/\/www.arbre-dor.com\/es\/turismo-landas\/course-landaise-landas\/","name":"Course Landaise en las Landas: \u00bfd\u00f3nde verla cerca del camping?","isPartOf":{"@id":"https:\/\/www.arbre-dor.com\/es\/#website"},"primaryImageOfPage":{"@id":"https:\/\/www.arbre-dor.com\/es\/turismo-landas\/course-landaise-landas\/#primaryimage"},"image":{"@id":"https:\/\/www.arbre-dor.com\/es\/turismo-landas\/course-landaise-landas\/#primaryimage"},"thumbnailUrl":"https:\/\/www.arbre-dor.com\/wp-content\/uploads\/2026\/08\/course-landaise-dans-les-landes.jpg","datePublished":"2026-08-04T10:20:00+00:00","dateModified":"2026-09-03T12:53:40+00:00","author":{"@id":"https:\/\/www.arbre-dor.com\/es\/#\/schema\/person\/f1191dbb0bfea9e40ba6c36af0e314a0"},"description":"Asista a una course landaise a pocos minutos del camping: la plaza cubierta de Parentis, las ferias de Mimizan y un espect\u00e1culo familiar sin muerte del animal.","breadcrumb":{"@id":"https:\/\/www.arbre-dor.com\/es\/turismo-landas\/course-landaise-landas\/#breadcrumb"},"inLanguage":"es","potentialAction":[{"@type":"ReadAction","target":["https:\/\/www.arbre-dor.com\/es\/turismo-landas\/course-landaise-landas\/"]}]},{"@type":"ImageObject","inLanguage":"es","@id":"https:\/\/www.arbre-dor.com\/es\/turismo-landas\/course-landaise-landas\/#primaryimage","url":"https:\/\/www.arbre-dor.com\/wp-content\/uploads\/2026\/08\/course-landaise-dans-les-landes.jpg","contentUrl":"https:\/\/www.arbre-dor.com\/wp-content\/uploads\/2026\/08\/course-landaise-dans-les-landes.jpg","width":1024,"height":370,"caption":"Course Landaise Dans Les Landes"},{"@type":"BreadcrumbList","@id":"https:\/\/www.arbre-dor.com\/es\/turismo-landas\/course-landaise-landas\/#breadcrumb","itemListElement":[{"@type":"ListItem","position":1,"name":"Camping Biscarrosse","item":"https:\/\/www.arbre-dor.com\/es\/"},{"@type":"ListItem","position":2,"name":"Turismo Landas","item":"https:\/\/www.arbre-dor.com\/es\/.\/turismo-landas\/"},{"@type":"ListItem","position":3,"name":"Course Landaise en las Landas: \u00bfd\u00f3nde verla cerca del camping?"}]},{"@type":"WebSite","@id":"https:\/\/www.arbre-dor.com\/es\/#website","url":"https:\/\/www.arbre-dor.com\/es\/","name":"Camping l&#039;Arbre d&#039;Or","description":"","potentialAction":[{"@type":"SearchAction","target":{"@type":"EntryPoint","urlTemplate":"https:\/\/www.arbre-dor.com\/es\/?s={search_term_string}"},"query-input":{"@type":"PropertyValueSpecification","valueRequired":true,"valueName":"search_term_string"}}],"inLanguage":"es"},{"@type":"Person","@id":"https:\/\/www.arbre-dor.com\/es\/#\/schema\/person\/f1191dbb0bfea9e40ba6c36af0e314a0","name":"Guillaume Gruat","image":{"@type":"ImageObject","inLanguage":"es","@id":"https:\/\/secure.gravatar.com\/avatar\/1513396c7ac8c82899917dad2e9fe7f1342b30b31f25d972a498d2fffdec2be0?s=96&d=mm&r=g","url":"https:\/\/secure.gravatar.com\/avatar\/1513396c7ac8c82899917dad2e9fe7f1342b30b31f25d972a498d2fffdec2be0?s=96&d=mm&r=g","contentUrl":"https:\/\/secure.gravatar.com\/avatar\/1513396c7ac8c82899917dad2e9fe7f1342b30b31f25d972a498d2fffdec2be0?s=96&d=mm&r=g","caption":"Guillaume Gruat"},"description":"G\u00e9rant du camping L'Arbre d'Or et pr\u00e9sident du SDHPA des Landes, je connais les Landes comme ma poche."}]}},"_links":{"self":[{"href":"https:\/\/www.arbre-dor.com\/es\/wp-json\/wp\/v2\/posts\/14224","targetHints":{"allow":["GET"]}}],"collection":[{"href":"https:\/\/www.arbre-dor.com\/es\/wp-json\/wp\/v2\/posts"}],"about":[{"href":"https:\/\/www.arbre-dor.com\/es\/wp-json\/wp\/v2\/types\/post"}],"author":[{"embeddable":true,"href":"https:\/\/www.arbre-dor.com\/es\/wp-json\/wp\/v2\/users\/4"}],"replies":[{"embeddable":true,"href":"https:\/\/www.arbre-dor.com\/es\/wp-json\/wp\/v2\/comments?post=14224"}],"version-history":[{"count":2,"href":"https:\/\/www.arbre-dor.com\/es\/wp-json\/wp\/v2\/posts\/14224\/revisions"}],"predecessor-version":[{"id":14380,"href":"https:\/\/www.arbre-dor.com\/es\/wp-json\/wp\/v2\/posts\/14224\/revisions\/14380"}],"wp:featuredmedia":[{"embeddable":true,"href":"https:\/\/www.arbre-dor.com\/es\/wp-json\/wp\/v2\/media\/14225"}],"wp:attachment":[{"href":"https:\/\/www.arbre-dor.com\/es\/wp-json\/wp\/v2\/media?parent=14224"}],"wp:term":[{"taxonomy":"category","embeddable":true,"href":"https:\/\/www.arbre-dor.com\/es\/wp-json\/wp\/v2\/categories?post=14224"},{"taxonomy":"post_tag","embeddable":true,"href":"https:\/\/www.arbre-dor.com\/es\/wp-json\/wp\/v2\/tags?post=14224"}],"curies":[{"name":"wp","href":"https:\/\/api.w.org\/{rel}","templated":true}]}}