{"id":14228,"date":"2025-08-18T12:03:53","date_gmt":"2025-08-18T12:03:53","guid":{"rendered":"https:\/\/www.arbre-dor.com\/?p=14228"},"modified":"2026-09-03T12:53:40","modified_gmt":"2026-09-03T12:53:40","slug":"museo-priorato-mimizan","status":"publish","type":"post","link":"https:\/\/www.arbre-dor.com\/es\/turismo-landas\/museo-priorato-mimizan\/","title":{"rendered":"Museo-Priorato de Mimizan"},"content":{"rendered":"<h2>El Priorato de Mimizan: or\u00edgenes medievales<\/h2>\n<p>Fundado en el siglo XI por los monjes benedictinos de la abad\u00eda de Saint-Sever, el priorato de Mimizan se erige como un <strong>testimonio precioso del pasado religioso de las Landas<\/strong>. En su \u00e9poca, constitu\u00eda <strong>una etapa<\/strong> en los <strong>caminos de Santiago de Compostela<\/strong>, acogiendo a peregrinos, cl\u00e9rigos y viajeros en busca de espiritualidad.<\/p>\n<p>Situado entre bosque, oc\u00e9ano y marismas, particip\u00f3 activamente en el desarrollo de la regi\u00f3n, tanto en el plano <strong>espiritual<\/strong> como <strong>econ\u00f3mico<\/strong>. Los monjes viv\u00edan seg\u00fan la <strong>regla de san Benito<\/strong>: oraci\u00f3n, trabajo y silencio marcaban su d\u00eda a d\u00eda en un entorno austero pero estructurado.<\/p>\n<p>Hoy en d\u00eda, aunque los edificios conventuales han desaparecido en parte, lo esencial permanece: el <strong>campanario-p\u00f3rtico<\/strong> de la antigua iglesia, magn\u00edficamente conservado, sigue velando sobre los siglos transcurridos.<\/p>\n<h2>El campanario-p\u00f3rtico: declarado Patrimonio de la Unesco<\/h2>\n<p>Vestigio principal del priorato, el campanario-p\u00f3rtico data del siglo XII. Es uno de los pocos ejemplos de arte rom\u00e1nico que a\u00fan pueden verse en las <a href=\"https:\/\/www.arbre-dor.com\/es\/turismo-landas\/\">Landas<\/a>. Destaca por sus esculturas b\u00edblicas finamente conservadas.<\/p>\n<p>En 1998 fue declarado <strong>Patrimonio de la Humanidad por la Unesco<\/strong> dentro de los <strong>Caminos de Santiago de Compostela<\/strong>, lo que subraya su importancia espiritual y arquitect\u00f3nica. Este monumento silencioso habla a los visitantes: une fe, historia y belleza en una sola mirada.<\/p>\n<h2>El museo: entre arte sacro y vida mon\u00e1stica<\/h2>\n<p>Instalado en la antigua sacrist\u00eda, el <strong>Museo-Priorato de Mimizan<\/strong> desvela la vida cotidiana de los monjes y el arte religioso medieval. En \u00e9l se descubren:<\/p>\n<ul>\n<li>capiteles esculpidos,<\/li>\n<li>objetos lit\u00fargicos,<\/li>\n<li>manuscritos<\/li>\n<li>fragmentos arquitect\u00f3nicos<\/li>\n<\/ul>\n<p>La museograf\u00eda moderna <strong>pone en valor cada pieza<\/strong>, con soportes interactivos y una escenograf\u00eda inmersiva. Todo est\u00e1 pensado para devolver las obras a su contexto espiritual e hist\u00f3rico.<\/p>\n<p>Una visita corta pero intensa, que da vida a <strong>ocho siglos de historia<\/strong> mon\u00e1stica.<\/p>\n<h2>Eventos y exposiciones: un lugar vivo<\/h2>\n<p>El <strong>Museo-Priorato de Mimizan<\/strong> no se limita a preservar el pasado: lo hace vivir. De hecho, cada a\u00f1o, <strong>exposiciones temporales<\/strong> ponen de relieve temas relacionados con el arte sacro, la historia local o el patrimonio rom\u00e1nico.<\/p>\n<p><strong>Conciertos<\/strong>, <strong>conferencias<\/strong> y <strong>visitas nocturnas<\/strong> tambi\u00e9n marcan el ritmo de la temporada estival. Estas citas culturales atraen a visitantes curiosos y apasionados, creando un v\u00ednculo fuerte entre el museo y su territorio.<\/p>\n<p>Un lugar \u00edntimo pero animado, donde la historia se comparte a trav\u00e9s de formatos variados.<\/p>\n<h2>Visitar el museo: informaci\u00f3n pr\u00e1ctica y experiencia<\/h2>\n<p>Preparar la visita al <strong>Museo-Priorato de Mimizan<\/strong> con antelaci\u00f3n permite disfrutar <strong>plenamente de la experiencia<\/strong>, sobre todo para elegir el mejor horario, reservar una visita guiada y descubrir las animaciones propuestas.<\/p>\n<p><strong>Periodo de apertura:<\/strong><\/p>\n<ul>\n<li>Abierto de <strong>primavera<\/strong> a <strong>oto\u00f1o<\/strong> (de marzo a octubre)<\/li>\n<li>Horarios ajustados seg\u00fan la temporada<\/li>\n<\/ul>\n<p><strong>Tarifas:<\/strong><\/p>\n<ul>\n<li>5 \u20ac tarifa completa<\/li>\n<li>3 \u20ac tarifa reducida<\/li>\n<li>Gratis para menores de 12 a\u00f1os<\/li>\n<\/ul>\n<p><strong>Accesibilidad:<\/strong><\/p>\n<ul>\n<li>Sitio accesible para personas con movilidad reducida<\/li>\n<\/ul>\n<p><strong>Visitas:<\/strong><\/p>\n<ul>\n<li>Visita libre: unos 45 minutos<\/li>\n<li>Visita guiada en grupo: aproximadamente 1 hora<\/li>\n<li>Recorridos comentados disponibles con reserva<\/li>\n<\/ul>\n<p><strong>Actividades:<\/strong><\/p>\n<ul>\n<li>Animaciones familiares durante el verano<\/li>\n<li>Talleres pedag\u00f3gicos para ni\u00f1os y grupos escolares<\/li>\n<\/ul>\n<p><strong>Experiencia:<\/strong><\/p>\n<ul>\n<li>Recibimiento c\u00e1lido<\/li>\n<li>Opiniones muy positivas de los visitantes: un lugar cultural rico, a menudo descrito como una grata sorpresa<\/li>\n<\/ul>\n<p>\u00a1Prolongue la experiencia aloj\u00e1ndose en nuestro camping de 4 estrellas! Despu\u00e9s de un d\u00eda de descubrimiento en el <strong>Museo-Priorato de Mimizan<\/strong>, rel\u00e1jese a orillas del lago de Biscarrosse, en un entorno natural, tranquilo y con todas las comodidades. \u00a1Reserve ya su alojamiento y combine cultura, naturaleza y bienestar!<\/p>\n<p>cr\u00e9ditos fotogr\u00e1ficos: <a href=\"https:\/\/www.tourismelandes.com\/patrimoine-culturel\/musee-de-mimizan-prieure-pcuaqu04001txjwy\/\" target=\"_blank\" rel=\"noopener\">Tourisme Landes<\/a><\/p>\n","protected":false},"excerpt":{"rendered":"<p>El Priorato de Mimizan: or\u00edgenes medievales Fundado en el siglo XI por los monjes benedictinos de la abad\u00eda de Saint-Sever, el priorato de Mimizan se erige como un testimonio precioso del pasado religioso de las Landas. En su \u00e9poca, constitu\u00eda una etapa en los caminos de Santiago de Compostela, acogiendo a peregrinos, cl\u00e9rigos y viajeros [&hellip;]<\/p>\n","protected":false},"author":4,"featured_media":12813,"comment_status":"open","ping_status":"closed","sticky":false,"template":"","format":"standard","meta":{"_acf_changed":false,"_et_pb_use_builder":"","_et_pb_old_content":"","_et_gb_content_width":"","inline_featured_image":false,"footnotes":""},"categories":[81],"tags":[],"class_list":["post-14228","post","type-post","status-publish","format-standard","has-post-thumbnail","category-turismo-landas"],"acf":{"essentiel_a_retenir":null,"faq":null,"sources":null,"sources_verifie_le":null,"cta_bas_de_page":{"titre":"Una pausa hist\u00f3rica junto al lago","texte":"Tras la visita al Priorato, disfrute de la calma de L'Arbre d'Or en Parentis-en-Born, a pocos minutos del lago de Biscarrosse. Parcelas con sombra y mobil-homes para prolongar el descubrimiento del patrimonio land\u00e9s con total tranquilidad."}},"yoast_head":"<!-- This site is optimized with the Yoast SEO plugin v28.4 - https:\/\/yoast.com\/product\/yoast-seo-wordpress\/ -->\n<title>Museo-Priorato: Visita cultural al museo Priorato de Mimizan<\/title>\n<meta name=\"description\" content=\"Descubra el Museo-Priorato de Mimizan, sitio declarado Patrimonio de la Unesco a 27 km de nuestro camping. Una escapada cultural ideal entre historia, naturaleza y patrimonio.\" \/>\n<meta name=\"robots\" content=\"index, follow, max-snippet:-1, max-image-preview:large, max-video-preview:-1\" \/>\n<link rel=\"canonical\" href=\"https:\/\/www.arbre-dor.com\/es\/turismo-landas\/museo-priorato-mimizan\/\" \/>\n<meta property=\"og:locale\" content=\"es_ES\" \/>\n<meta property=\"og:type\" content=\"article\" \/>\n<meta property=\"og:title\" content=\"Museo-Priorato: Visita cultural al museo Priorato de Mimizan\" \/>\n<meta property=\"og:description\" content=\"Descubra el Museo-Priorato de Mimizan, sitio declarado Patrimonio de la Unesco a 27 km de nuestro camping. Una escapada cultural ideal entre historia, naturaleza y patrimonio.\" \/>\n<meta property=\"og:url\" content=\"https:\/\/www.arbre-dor.com\/es\/turismo-landas\/museo-priorato-mimizan\/\" \/>\n<meta property=\"og:site_name\" content=\"Camping l&#039;Arbre d&#039;Or\" \/>\n<meta property=\"article:published_time\" content=\"2025-08-18T12:03:53+00:00\" \/>\n<meta property=\"article:modified_time\" content=\"2026-09-03T12:53:40+00:00\" \/>\n<meta property=\"og:image\" content=\"https:\/\/www.arbre-dor.com\/wp-content\/uploads\/2025\/08\/Musee-Prieure-de-Mimizan-e1755517647248.jpg\" \/>\n\t<meta property=\"og:image:width\" content=\"694\" \/>\n\t<meta property=\"og:image:height\" content=\"473\" \/>\n\t<meta property=\"og:image:type\" content=\"image\/jpeg\" \/>\n<meta name=\"author\" content=\"Guillaume Gruat\" \/>\n<meta name=\"twitter:card\" content=\"summary_large_image\" \/>\n<meta name=\"twitter:label1\" content=\"Escrito por\" \/>\n\t<meta name=\"twitter:data1\" content=\"Guillaume Gruat\" \/>\n\t<meta name=\"twitter:label2\" content=\"Tiempo de lectura\" \/>\n\t<meta name=\"twitter:data2\" content=\"4 minutos\" \/>\n<script type=\"application\/ld+json\" class=\"yoast-schema-graph\">{\"@context\":\"https:\\\/\\\/schema.org\",\"@graph\":[{\"@type\":\"Article\",\"@id\":\"https:\\\/\\\/www.arbre-dor.com\\\/es\\\/turismo-landas\\\/museo-priorato-mimizan\\\/#article\",\"isPartOf\":{\"@id\":\"https:\\\/\\\/www.arbre-dor.com\\\/es\\\/turismo-landas\\\/museo-priorato-mimizan\\\/\"},\"author\":{\"name\":\"Guillaume Gruat\",\"@id\":\"https:\\\/\\\/www.arbre-dor.com\\\/es\\\/#\\\/schema\\\/person\\\/f1191dbb0bfea9e40ba6c36af0e314a0\"},\"headline\":\"Museo-Priorato de Mimizan\",\"datePublished\":\"2025-08-18T12:03:53+00:00\",\"dateModified\":\"2026-09-03T12:53:40+00:00\",\"mainEntityOfPage\":{\"@id\":\"https:\\\/\\\/www.arbre-dor.com\\\/es\\\/turismo-landas\\\/museo-priorato-mimizan\\\/\"},\"wordCount\":610,\"commentCount\":0,\"image\":{\"@id\":\"https:\\\/\\\/www.arbre-dor.com\\\/es\\\/turismo-landas\\\/museo-priorato-mimizan\\\/#primaryimage\"},\"thumbnailUrl\":\"https:\\\/\\\/www.arbre-dor.com\\\/wp-content\\\/uploads\\\/2025\\\/08\\\/Musee-Prieure-de-Mimizan-e1755517647248.jpg\",\"articleSection\":[\"Turismo Landas\"],\"inLanguage\":\"es\",\"potentialAction\":[{\"@type\":\"CommentAction\",\"name\":\"Comment\",\"target\":[\"https:\\\/\\\/www.arbre-dor.com\\\/es\\\/turismo-landas\\\/museo-priorato-mimizan\\\/#respond\"]}]},{\"@type\":\"WebPage\",\"@id\":\"https:\\\/\\\/www.arbre-dor.com\\\/es\\\/turismo-landas\\\/museo-priorato-mimizan\\\/\",\"url\":\"https:\\\/\\\/www.arbre-dor.com\\\/es\\\/turismo-landas\\\/museo-priorato-mimizan\\\/\",\"name\":\"Museo-Priorato: Visita cultural al museo Priorato de Mimizan\",\"isPartOf\":{\"@id\":\"https:\\\/\\\/www.arbre-dor.com\\\/es\\\/#website\"},\"primaryImageOfPage\":{\"@id\":\"https:\\\/\\\/www.arbre-dor.com\\\/es\\\/turismo-landas\\\/museo-priorato-mimizan\\\/#primaryimage\"},\"image\":{\"@id\":\"https:\\\/\\\/www.arbre-dor.com\\\/es\\\/turismo-landas\\\/museo-priorato-mimizan\\\/#primaryimage\"},\"thumbnailUrl\":\"https:\\\/\\\/www.arbre-dor.com\\\/wp-content\\\/uploads\\\/2025\\\/08\\\/Musee-Prieure-de-Mimizan-e1755517647248.jpg\",\"datePublished\":\"2025-08-18T12:03:53+00:00\",\"dateModified\":\"2026-09-03T12:53:40+00:00\",\"author\":{\"@id\":\"https:\\\/\\\/www.arbre-dor.com\\\/es\\\/#\\\/schema\\\/person\\\/f1191dbb0bfea9e40ba6c36af0e314a0\"},\"description\":\"Descubra el Museo-Priorato de Mimizan, sitio declarado Patrimonio de la Unesco a 27 km de nuestro camping. Una escapada cultural ideal entre historia, naturaleza y patrimonio.\",\"breadcrumb\":{\"@id\":\"https:\\\/\\\/www.arbre-dor.com\\\/es\\\/turismo-landas\\\/museo-priorato-mimizan\\\/#breadcrumb\"},\"inLanguage\":\"es\",\"potentialAction\":[{\"@type\":\"ReadAction\",\"target\":[\"https:\\\/\\\/www.arbre-dor.com\\\/es\\\/turismo-landas\\\/museo-priorato-mimizan\\\/\"]}]},{\"@type\":\"ImageObject\",\"inLanguage\":\"es\",\"@id\":\"https:\\\/\\\/www.arbre-dor.com\\\/es\\\/turismo-landas\\\/museo-priorato-mimizan\\\/#primaryimage\",\"url\":\"https:\\\/\\\/www.arbre-dor.com\\\/wp-content\\\/uploads\\\/2025\\\/08\\\/Musee-Prieure-de-Mimizan-e1755517647248.jpg\",\"contentUrl\":\"https:\\\/\\\/www.arbre-dor.com\\\/wp-content\\\/uploads\\\/2025\\\/08\\\/Musee-Prieure-de-Mimizan-e1755517647248.jpg\",\"width\":694,\"height\":473},{\"@type\":\"BreadcrumbList\",\"@id\":\"https:\\\/\\\/www.arbre-dor.com\\\/es\\\/turismo-landas\\\/museo-priorato-mimizan\\\/#breadcrumb\",\"itemListElement\":[{\"@type\":\"ListItem\",\"position\":1,\"name\":\"Camping Biscarrosse\",\"item\":\"https:\\\/\\\/www.arbre-dor.com\\\/es\\\/\"},{\"@type\":\"ListItem\",\"position\":2,\"name\":\"Turismo Landas\",\"item\":\"https:\\\/\\\/www.arbre-dor.com\\\/es\\\/.\\\/turismo-landas\\\/\"},{\"@type\":\"ListItem\",\"position\":3,\"name\":\"Museo-Priorato de Mimizan\"}]},{\"@type\":\"WebSite\",\"@id\":\"https:\\\/\\\/www.arbre-dor.com\\\/es\\\/#website\",\"url\":\"https:\\\/\\\/www.arbre-dor.com\\\/es\\\/\",\"name\":\"Camping l&#039;Arbre d&#039;Or\",\"description\":\"\",\"potentialAction\":[{\"@type\":\"SearchAction\",\"target\":{\"@type\":\"EntryPoint\",\"urlTemplate\":\"https:\\\/\\\/www.arbre-dor.com\\\/es\\\/?s={search_term_string}\"},\"query-input\":{\"@type\":\"PropertyValueSpecification\",\"valueRequired\":true,\"valueName\":\"search_term_string\"}}],\"inLanguage\":\"es\"},{\"@type\":\"Person\",\"@id\":\"https:\\\/\\\/www.arbre-dor.com\\\/es\\\/#\\\/schema\\\/person\\\/f1191dbb0bfea9e40ba6c36af0e314a0\",\"name\":\"Guillaume Gruat\",\"image\":{\"@type\":\"ImageObject\",\"inLanguage\":\"es\",\"@id\":\"https:\\\/\\\/secure.gravatar.com\\\/avatar\\\/1513396c7ac8c82899917dad2e9fe7f1342b30b31f25d972a498d2fffdec2be0?s=96&d=mm&r=g\",\"url\":\"https:\\\/\\\/secure.gravatar.com\\\/avatar\\\/1513396c7ac8c82899917dad2e9fe7f1342b30b31f25d972a498d2fffdec2be0?s=96&d=mm&r=g\",\"contentUrl\":\"https:\\\/\\\/secure.gravatar.com\\\/avatar\\\/1513396c7ac8c82899917dad2e9fe7f1342b30b31f25d972a498d2fffdec2be0?s=96&d=mm&r=g\",\"caption\":\"Guillaume Gruat\"},\"description\":\"G\u00e9rant du camping L'Arbre d'Or et pr\u00e9sident du SDHPA des Landes, je connais les Landes comme ma poche.\"}]}<\/script>\n<!-- \/ Yoast SEO plugin. -->","yoast_head_json":{"title":"Museo-Priorato: Visita cultural al museo Priorato de Mimizan","description":"Descubra el Museo-Priorato de Mimizan, sitio declarado Patrimonio de la Unesco a 27 km de nuestro camping. Una escapada cultural ideal entre historia, naturaleza y patrimonio.","robots":{"index":"index","follow":"follow","max-snippet":"max-snippet:-1","max-image-preview":"max-image-preview:large","max-video-preview":"max-video-preview:-1"},"canonical":"https:\/\/www.arbre-dor.com\/es\/turismo-landas\/museo-priorato-mimizan\/","og_locale":"es_ES","og_type":"article","og_title":"Museo-Priorato: Visita cultural al museo Priorato de Mimizan","og_description":"Descubra el Museo-Priorato de Mimizan, sitio declarado Patrimonio de la Unesco a 27 km de nuestro camping. Una escapada cultural ideal entre historia, naturaleza y patrimonio.","og_url":"https:\/\/www.arbre-dor.com\/es\/turismo-landas\/museo-priorato-mimizan\/","og_site_name":"Camping l&#039;Arbre d&#039;Or","article_published_time":"2025-08-18T12:03:53+00:00","article_modified_time":"2026-09-03T12:53:40+00:00","og_image":[{"width":694,"height":473,"url":"https:\/\/www.arbre-dor.com\/wp-content\/uploads\/2025\/08\/Musee-Prieure-de-Mimizan-e1755517647248.jpg","type":"image\/jpeg"}],"author":"Guillaume Gruat","twitter_card":"summary_large_image","twitter_misc":{"Escrito por":"Guillaume Gruat","Tiempo de lectura":"4 minutos"},"schema":{"@context":"https:\/\/schema.org","@graph":[{"@type":"Article","@id":"https:\/\/www.arbre-dor.com\/es\/turismo-landas\/museo-priorato-mimizan\/#article","isPartOf":{"@id":"https:\/\/www.arbre-dor.com\/es\/turismo-landas\/museo-priorato-mimizan\/"},"author":{"name":"Guillaume Gruat","@id":"https:\/\/www.arbre-dor.com\/es\/#\/schema\/person\/f1191dbb0bfea9e40ba6c36af0e314a0"},"headline":"Museo-Priorato de Mimizan","datePublished":"2025-08-18T12:03:53+00:00","dateModified":"2026-09-03T12:53:40+00:00","mainEntityOfPage":{"@id":"https:\/\/www.arbre-dor.com\/es\/turismo-landas\/museo-priorato-mimizan\/"},"wordCount":610,"commentCount":0,"image":{"@id":"https:\/\/www.arbre-dor.com\/es\/turismo-landas\/museo-priorato-mimizan\/#primaryimage"},"thumbnailUrl":"https:\/\/www.arbre-dor.com\/wp-content\/uploads\/2025\/08\/Musee-Prieure-de-Mimizan-e1755517647248.jpg","articleSection":["Turismo Landas"],"inLanguage":"es","potentialAction":[{"@type":"CommentAction","name":"Comment","target":["https:\/\/www.arbre-dor.com\/es\/turismo-landas\/museo-priorato-mimizan\/#respond"]}]},{"@type":"WebPage","@id":"https:\/\/www.arbre-dor.com\/es\/turismo-landas\/museo-priorato-mimizan\/","url":"https:\/\/www.arbre-dor.com\/es\/turismo-landas\/museo-priorato-mimizan\/","name":"Museo-Priorato: Visita cultural al museo Priorato de Mimizan","isPartOf":{"@id":"https:\/\/www.arbre-dor.com\/es\/#website"},"primaryImageOfPage":{"@id":"https:\/\/www.arbre-dor.com\/es\/turismo-landas\/museo-priorato-mimizan\/#primaryimage"},"image":{"@id":"https:\/\/www.arbre-dor.com\/es\/turismo-landas\/museo-priorato-mimizan\/#primaryimage"},"thumbnailUrl":"https:\/\/www.arbre-dor.com\/wp-content\/uploads\/2025\/08\/Musee-Prieure-de-Mimizan-e1755517647248.jpg","datePublished":"2025-08-18T12:03:53+00:00","dateModified":"2026-09-03T12:53:40+00:00","author":{"@id":"https:\/\/www.arbre-dor.com\/es\/#\/schema\/person\/f1191dbb0bfea9e40ba6c36af0e314a0"},"description":"Descubra el Museo-Priorato de Mimizan, sitio declarado Patrimonio de la Unesco a 27 km de nuestro camping. Una escapada cultural ideal entre historia, naturaleza y patrimonio.","breadcrumb":{"@id":"https:\/\/www.arbre-dor.com\/es\/turismo-landas\/museo-priorato-mimizan\/#breadcrumb"},"inLanguage":"es","potentialAction":[{"@type":"ReadAction","target":["https:\/\/www.arbre-dor.com\/es\/turismo-landas\/museo-priorato-mimizan\/"]}]},{"@type":"ImageObject","inLanguage":"es","@id":"https:\/\/www.arbre-dor.com\/es\/turismo-landas\/museo-priorato-mimizan\/#primaryimage","url":"https:\/\/www.arbre-dor.com\/wp-content\/uploads\/2025\/08\/Musee-Prieure-de-Mimizan-e1755517647248.jpg","contentUrl":"https:\/\/www.arbre-dor.com\/wp-content\/uploads\/2025\/08\/Musee-Prieure-de-Mimizan-e1755517647248.jpg","width":694,"height":473},{"@type":"BreadcrumbList","@id":"https:\/\/www.arbre-dor.com\/es\/turismo-landas\/museo-priorato-mimizan\/#breadcrumb","itemListElement":[{"@type":"ListItem","position":1,"name":"Camping Biscarrosse","item":"https:\/\/www.arbre-dor.com\/es\/"},{"@type":"ListItem","position":2,"name":"Turismo Landas","item":"https:\/\/www.arbre-dor.com\/es\/.\/turismo-landas\/"},{"@type":"ListItem","position":3,"name":"Museo-Priorato de Mimizan"}]},{"@type":"WebSite","@id":"https:\/\/www.arbre-dor.com\/es\/#website","url":"https:\/\/www.arbre-dor.com\/es\/","name":"Camping l&#039;Arbre d&#039;Or","description":"","potentialAction":[{"@type":"SearchAction","target":{"@type":"EntryPoint","urlTemplate":"https:\/\/www.arbre-dor.com\/es\/?s={search_term_string}"},"query-input":{"@type":"PropertyValueSpecification","valueRequired":true,"valueName":"search_term_string"}}],"inLanguage":"es"},{"@type":"Person","@id":"https:\/\/www.arbre-dor.com\/es\/#\/schema\/person\/f1191dbb0bfea9e40ba6c36af0e314a0","name":"Guillaume Gruat","image":{"@type":"ImageObject","inLanguage":"es","@id":"https:\/\/secure.gravatar.com\/avatar\/1513396c7ac8c82899917dad2e9fe7f1342b30b31f25d972a498d2fffdec2be0?s=96&d=mm&r=g","url":"https:\/\/secure.gravatar.com\/avatar\/1513396c7ac8c82899917dad2e9fe7f1342b30b31f25d972a498d2fffdec2be0?s=96&d=mm&r=g","contentUrl":"https:\/\/secure.gravatar.com\/avatar\/1513396c7ac8c82899917dad2e9fe7f1342b30b31f25d972a498d2fffdec2be0?s=96&d=mm&r=g","caption":"Guillaume Gruat"},"description":"G\u00e9rant du camping L'Arbre d'Or et pr\u00e9sident du SDHPA des Landes, je connais les Landes comme ma poche."}]}},"_links":{"self":[{"href":"https:\/\/www.arbre-dor.com\/es\/wp-json\/wp\/v2\/posts\/14228","targetHints":{"allow":["GET"]}}],"collection":[{"href":"https:\/\/www.arbre-dor.com\/es\/wp-json\/wp\/v2\/posts"}],"about":[{"href":"https:\/\/www.arbre-dor.com\/es\/wp-json\/wp\/v2\/types\/post"}],"author":[{"embeddable":true,"href":"https:\/\/www.arbre-dor.com\/es\/wp-json\/wp\/v2\/users\/4"}],"replies":[{"embeddable":true,"href":"https:\/\/www.arbre-dor.com\/es\/wp-json\/wp\/v2\/comments?post=14228"}],"version-history":[{"count":2,"href":"https:\/\/www.arbre-dor.com\/es\/wp-json\/wp\/v2\/posts\/14228\/revisions"}],"predecessor-version":[{"id":14397,"href":"https:\/\/www.arbre-dor.com\/es\/wp-json\/wp\/v2\/posts\/14228\/revisions\/14397"}],"wp:featuredmedia":[{"embeddable":true,"href":"https:\/\/www.arbre-dor.com\/es\/wp-json\/wp\/v2\/media\/12813"}],"wp:attachment":[{"href":"https:\/\/www.arbre-dor.com\/es\/wp-json\/wp\/v2\/media?parent=14228"}],"wp:term":[{"taxonomy":"category","embeddable":true,"href":"https:\/\/www.arbre-dor.com\/es\/wp-json\/wp\/v2\/categories?post=14228"},{"taxonomy":"post_tag","embeddable":true,"href":"https:\/\/www.arbre-dor.com\/es\/wp-json\/wp\/v2\/tags?post=14228"}],"curies":[{"name":"wp","href":"https:\/\/api.w.org\/{rel}","templated":true}]}}