{"id":14252,"date":"2024-04-18T13:54:07","date_gmt":"2024-04-18T13:54:07","guid":{"rendered":"https:\/\/www.arbre-dor.com\/?p=14252"},"modified":"2026-09-03T12:53:47","modified_gmt":"2026-09-03T12:53:47","slug":"parque-natural-landas-gascuna","status":"publish","type":"post","link":"https:\/\/www.arbre-dor.com\/es\/turismo-landas\/parque-natural-landas-gascuna\/","title":{"rendered":"Parque Natural de las Landas de Gascu\u00f1a"},"content":{"rendered":"<h2><strong>Descubre los tesoros ocultos del Parque Natural de las Landas de Gascu\u00f1a<\/strong><\/h2>\n<p>Descubre este territorio donde las extensas superficies de pino mar\u00edtimo dan forma a un paisaje de una belleza salvaje y aut\u00e9ntica. En pleno coraz\u00f3n de la Gironda y las Landas, este parque natural regional es un mosaico de ecosistemas rico en biodiversidad.<\/p>\n<p>Si te encantan los grandes espacios, quedar\u00e1s cautivado por los inmensos bosques de las Landas de Gascu\u00f1a, mientras que cursos de agua como el r\u00edo Leyre ofrecen una tranquila escapada en canoa o kayak. Pedalea por los carriles bici que atraviesan el parque, como la V\u00e9lodyss\u00e9e, y disfruta de la tranquilidad del lugar. Adem\u00e1s, si te apasiona el patrimonio cultural, museos como el Ecomuseo de Marqu\u00e8ze o las numerosas exposiciones de arte contempor\u00e1neo te fascinar\u00e1n durante tu visita de <a href=\"https:\/\/www.arbre-dor.com\/es\/turismo-landas\/\">turismo por las Landas<\/a>.<\/p>\n<p>No olvides planificar tu estancia seg\u00fan los eventos anuales del parque, como las exposiciones organizadas por Philippe Cloutet o los talleres de sensibilizaci\u00f3n medioambiental impartidos por Val\u00e9rie Durbec.<\/p>\n<h2><strong>Marav\u00edllate con la diversidad biol\u00f3gica en pleno coraz\u00f3n de las Landas de Gascu\u00f1a<\/strong><\/h2>\n<p>El Parque Natural de las Landas de Gascu\u00f1a, reconocido por su bosque de pinos \u00fanico y su extraordinaria biodiversidad, alberga un patrimonio natural de gran riqueza. Recorriendo este territorio de Nova Aquitania (Nueva Aquitania), descubrir\u00e1s un espacio donde la fauna y la flora conviven en armon\u00eda.<\/p>\n<ul>\n<li>Aves migratorias en la bah\u00eda de Arcach\u00f3n o en las zonas h\u00famedas, lo que demuestra el papel crucial del parque como zona de anidaci\u00f3n y descanso.<\/li>\n<li>Fauna t\u00edpica de los bosques landeses, como ciervos y jabal\u00edes, que a veces se dejan ver al doblar un sendero.<\/li>\n<li>Riqueza de los entornos acu\u00e1ticos, donde peces, anfibios y lib\u00e9lulas prosperan en las aguas puras del Leyre y sus afluentes.<\/li>\n<li>Flora variada, desde orqu\u00eddeas silvestres hasta innumerables especies de setas, un tesoro del sotobosque.<\/li>\n<\/ul>\n<p>Se recomienda participar en una visita guiada con expertos para captar toda la sutileza de estos ecosistemas. Estos especialistas pueden llevarte por senderos menos conocidos donde la naturaleza revela sus secretos. Marav\u00edllate con la diversidad biol\u00f3gica y descubre el Parque Natural de las Landas de Gascu\u00f1a, un espacio donde la protecci\u00f3n del medio ambiente es una prioridad.<\/p>\n<h2><strong>Las rutas imprescindibles para una inmersi\u00f3n total en el Parque de las Landas de Gascu\u00f1a<\/strong><\/h2>\n<p>La exploraci\u00f3n del Parque Natural de las Landas de Gascu\u00f1a no estar\u00eda completa sin recorrer sus rutas imprescindibles. Descubre el parque en bicicleta, a pie o incluso a caballo, y d\u00e9jate guiar por la magia de la naturaleza.<\/p>\n<p>El Camino de Santiago de Compostela atraviesa el parque, ofreciendo a peregrinos y senderistas vistas impresionantes del patrimonio natural y cultural de la regi\u00f3n. Los carriles bici son especialmente adecuados para excursiones en familia, sobre todo alrededor de Belin-B\u00e9liet, donde cada uno puede marcar su propio ritmo en pleno bosque land\u00e9s.<\/p>\n<p>Los aficionados a la ornitolog\u00eda no deben perderse el dominio del Pays de Buch, donde las aves ofrecen un espect\u00e1culo fascinante. Para una experiencia m\u00e1s acu\u00e1tica, un descenso del Leyre en canoa revela perspectivas inesperadas sobre las orillas boscosas y la fauna ribere\u00f1a del parque.<\/p>\n<h2><strong>Consejos pr\u00e1cticos para una exploraci\u00f3n respetuosa de la naturaleza de las Landas de Gascu\u00f1a<\/strong><\/h2>\n<p>Cuando explores el Parque Natural de las Landas de Gascu\u00f1a, es fundamental hacerlo de una manera que respete este excepcional patrimonio natural. Sigue los senderos se\u00f1alizados y mantente alejado de las zonas protegidas para minimizar el impacto sobre la fauna y la flora.<\/p>\n<p>Ten cuidado de no dejar ning\u00fan rastro de tu visita, llev\u00e1ndote toda tu basura contigo. Procura tambi\u00e9n utilizar productos respetuosos con el medio ambiente y disfrutar del parque sin molestar a sus habitantes naturales. Acciones sencillas, como guardar silencio al observar a los animales, garantizan una convivencia armoniosa con la naturaleza.<\/p>\n<p>El parque cuenta con numerosas infraestructuras pensadas para los visitantes, como zonas de picnic y puntos de agua potable. Inf\u00f3rmate antes de partir sobre los lugares donde podr\u00e1s abastecerte, y no dudes en pedir consejo a las oficinas de turismo locales, como las de Mont-de-Marsan o Arcach\u00f3n, para una exploraci\u00f3n sin contratiempos durante tus vacaciones en nuestro <a href=\"https:\/\/www.arbre-dor.com\/es\/\">camping de 4 estrellas a orillas del lago de Biscarrosse, en las Landas<\/a>.<\/p>\n<h2><strong>Las mejores \u00e9pocas para visitar el Parque Natural y disfrutar de sus espect\u00e1culos naturales<\/strong><\/h2>\n<p>El Parque Natural de las Landas de Gascu\u00f1a se puede visitar durante todo el a\u00f1o, y cada estaci\u00f3n ofrece sus propios espect\u00e1culos y actividades. Sin embargo, para aprovechar al m\u00e1ximo las riquezas del parque, algunas \u00e9pocas son especialmente recomendables.<\/p>\n<p>La primavera es ideal para las rutas de senderismo, mientras que el oto\u00f1o, con sus colores y temperaturas m\u00e1s suaves, resulta perfecto para las excursiones en bicicleta. El verano, aunque m\u00e1s concurrido, permite disfrutar de todos los servicios y actividades organizados por el parque, entre ellos visitas guiadas y talleres pedag\u00f3gicos.<\/p>\n<p>Descubre el Parque Natural de las Landas de Gascu\u00f1a durante la \u00e9poca de migraci\u00f3n de oto\u00f1o o primavera para observar a las aves en todo su esplendor. Tambi\u00e9n es el momento ideal para visitar el ecomuseo de Marqu\u00e8ze y aprender m\u00e1s sobre la fascinante historia de esta regi\u00f3n.<\/p>\n","protected":false},"excerpt":{"rendered":"<p>Descubre los tesoros ocultos del Parque Natural de las Landas de Gascu\u00f1a Descubre este territorio donde las extensas superficies de pino mar\u00edtimo dan forma a un paisaje de una belleza salvaje y aut\u00e9ntica. En pleno coraz\u00f3n de la Gironda y las Landas, este parque natural regional es un mosaico de ecosistemas rico en biodiversidad. Si [&hellip;]<\/p>\n","protected":false},"author":4,"featured_media":8304,"comment_status":"open","ping_status":"closed","sticky":false,"template":"","format":"standard","meta":{"_acf_changed":false,"_et_pb_use_builder":"","_et_pb_old_content":"","_et_gb_content_width":"","inline_featured_image":false,"footnotes":""},"categories":[81],"tags":[],"class_list":["post-14252","post","type-post","status-publish","format-standard","has-post-thumbnail","category-turismo-landas"],"acf":{"essentiel_a_retenir":null,"faq":null,"sources":null,"sources_verifie_le":null,"cta_bas_de_page":{"titre":"El parque, a un paso de su mobil-home","texte":"L'Arbre d'Or le instala a las puertas del Parque Natural de las Landas de Gascu\u00f1a, en Parentis-en-Born. Tras sus paseos en plena naturaleza, disfrute de la tranquilidad de nuestras parcelas con sombra junto al lago de Biscarrosse."}},"yoast_head":"<!-- This site is optimized with the Yoast SEO plugin v28.4 - https:\/\/yoast.com\/product\/yoast-seo-wordpress\/ -->\n<title>Parque Natural de las Landas de Gascu\u00f1a: descubre un espacio natural regional protegido<\/title>\n<meta name=\"description\" content=\"Descubre el esplendor natural del Parque Natural Regional de las Landas de Gascu\u00f1a, entre bosques, lagunas y territorios protegidos.\" \/>\n<meta name=\"robots\" content=\"index, follow, max-snippet:-1, max-image-preview:large, max-video-preview:-1\" \/>\n<link rel=\"canonical\" href=\"https:\/\/www.arbre-dor.com\/es\/turismo-landas\/parque-natural-landas-gascuna\/\" \/>\n<meta property=\"og:locale\" content=\"es_ES\" \/>\n<meta property=\"og:type\" content=\"article\" \/>\n<meta property=\"og:title\" content=\"Parque Natural de las Landas de Gascu\u00f1a: descubre un espacio natural regional protegido\" \/>\n<meta property=\"og:description\" content=\"Descubre el esplendor natural del Parque Natural Regional de las Landas de Gascu\u00f1a, entre bosques, lagunas y territorios protegidos.\" \/>\n<meta property=\"og:url\" content=\"https:\/\/www.arbre-dor.com\/es\/turismo-landas\/parque-natural-landas-gascuna\/\" \/>\n<meta property=\"og:site_name\" content=\"Camping l&#039;Arbre d&#039;Or\" \/>\n<meta property=\"article:published_time\" content=\"2024-04-18T13:54:07+00:00\" \/>\n<meta property=\"article:modified_time\" content=\"2026-09-03T12:53:47+00:00\" \/>\n<meta property=\"og:image\" content=\"https:\/\/www.arbre-dor.com\/wp-content\/uploads\/2024\/04\/landes-parc-naturel-gascogne.jpg\" \/>\n\t<meta property=\"og:image:width\" content=\"533\" \/>\n\t<meta property=\"og:image:height\" content=\"400\" \/>\n\t<meta property=\"og:image:type\" content=\"image\/jpeg\" \/>\n<meta name=\"author\" content=\"Guillaume Gruat\" \/>\n<meta name=\"twitter:card\" content=\"summary_large_image\" \/>\n<meta name=\"twitter:label1\" content=\"Escrito por\" \/>\n\t<meta name=\"twitter:data1\" content=\"Guillaume Gruat\" \/>\n\t<meta name=\"twitter:label2\" content=\"Tiempo de lectura\" \/>\n\t<meta name=\"twitter:data2\" content=\"5 minutos\" \/>\n<script type=\"application\/ld+json\" class=\"yoast-schema-graph\">{\"@context\":\"https:\\\/\\\/schema.org\",\"@graph\":[{\"@type\":\"Article\",\"@id\":\"https:\\\/\\\/www.arbre-dor.com\\\/es\\\/turismo-landas\\\/parque-natural-landas-gascuna\\\/#article\",\"isPartOf\":{\"@id\":\"https:\\\/\\\/www.arbre-dor.com\\\/es\\\/turismo-landas\\\/parque-natural-landas-gascuna\\\/\"},\"author\":{\"name\":\"Guillaume Gruat\",\"@id\":\"https:\\\/\\\/www.arbre-dor.com\\\/es\\\/#\\\/schema\\\/person\\\/f1191dbb0bfea9e40ba6c36af0e314a0\"},\"headline\":\"Parque Natural de las Landas de Gascu\u00f1a\",\"datePublished\":\"2024-04-18T13:54:07+00:00\",\"dateModified\":\"2026-09-03T12:53:47+00:00\",\"mainEntityOfPage\":{\"@id\":\"https:\\\/\\\/www.arbre-dor.com\\\/es\\\/turismo-landas\\\/parque-natural-landas-gascuna\\\/\"},\"wordCount\":926,\"commentCount\":0,\"image\":{\"@id\":\"https:\\\/\\\/www.arbre-dor.com\\\/es\\\/turismo-landas\\\/parque-natural-landas-gascuna\\\/#primaryimage\"},\"thumbnailUrl\":\"https:\\\/\\\/www.arbre-dor.com\\\/wp-content\\\/uploads\\\/2024\\\/04\\\/landes-parc-naturel-gascogne.jpg\",\"articleSection\":[\"Turismo Landas\"],\"inLanguage\":\"es\",\"potentialAction\":[{\"@type\":\"CommentAction\",\"name\":\"Comment\",\"target\":[\"https:\\\/\\\/www.arbre-dor.com\\\/es\\\/turismo-landas\\\/parque-natural-landas-gascuna\\\/#respond\"]}]},{\"@type\":\"WebPage\",\"@id\":\"https:\\\/\\\/www.arbre-dor.com\\\/es\\\/turismo-landas\\\/parque-natural-landas-gascuna\\\/\",\"url\":\"https:\\\/\\\/www.arbre-dor.com\\\/es\\\/turismo-landas\\\/parque-natural-landas-gascuna\\\/\",\"name\":\"Parque Natural de las Landas de Gascu\u00f1a: descubre un espacio natural regional protegido\",\"isPartOf\":{\"@id\":\"https:\\\/\\\/www.arbre-dor.com\\\/es\\\/#website\"},\"primaryImageOfPage\":{\"@id\":\"https:\\\/\\\/www.arbre-dor.com\\\/es\\\/turismo-landas\\\/parque-natural-landas-gascuna\\\/#primaryimage\"},\"image\":{\"@id\":\"https:\\\/\\\/www.arbre-dor.com\\\/es\\\/turismo-landas\\\/parque-natural-landas-gascuna\\\/#primaryimage\"},\"thumbnailUrl\":\"https:\\\/\\\/www.arbre-dor.com\\\/wp-content\\\/uploads\\\/2024\\\/04\\\/landes-parc-naturel-gascogne.jpg\",\"datePublished\":\"2024-04-18T13:54:07+00:00\",\"dateModified\":\"2026-09-03T12:53:47+00:00\",\"author\":{\"@id\":\"https:\\\/\\\/www.arbre-dor.com\\\/es\\\/#\\\/schema\\\/person\\\/f1191dbb0bfea9e40ba6c36af0e314a0\"},\"description\":\"Descubre el esplendor natural del Parque Natural Regional de las Landas de Gascu\u00f1a, entre bosques, lagunas y territorios protegidos.\",\"breadcrumb\":{\"@id\":\"https:\\\/\\\/www.arbre-dor.com\\\/es\\\/turismo-landas\\\/parque-natural-landas-gascuna\\\/#breadcrumb\"},\"inLanguage\":\"es\",\"potentialAction\":[{\"@type\":\"ReadAction\",\"target\":[\"https:\\\/\\\/www.arbre-dor.com\\\/es\\\/turismo-landas\\\/parque-natural-landas-gascuna\\\/\"]}]},{\"@type\":\"ImageObject\",\"inLanguage\":\"es\",\"@id\":\"https:\\\/\\\/www.arbre-dor.com\\\/es\\\/turismo-landas\\\/parque-natural-landas-gascuna\\\/#primaryimage\",\"url\":\"https:\\\/\\\/www.arbre-dor.com\\\/wp-content\\\/uploads\\\/2024\\\/04\\\/landes-parc-naturel-gascogne.jpg\",\"contentUrl\":\"https:\\\/\\\/www.arbre-dor.com\\\/wp-content\\\/uploads\\\/2024\\\/04\\\/landes-parc-naturel-gascogne.jpg\",\"width\":533,\"height\":400},{\"@type\":\"BreadcrumbList\",\"@id\":\"https:\\\/\\\/www.arbre-dor.com\\\/es\\\/turismo-landas\\\/parque-natural-landas-gascuna\\\/#breadcrumb\",\"itemListElement\":[{\"@type\":\"ListItem\",\"position\":1,\"name\":\"Camping Biscarrosse\",\"item\":\"https:\\\/\\\/www.arbre-dor.com\\\/es\\\/\"},{\"@type\":\"ListItem\",\"position\":2,\"name\":\"Turismo Landas\",\"item\":\"https:\\\/\\\/www.arbre-dor.com\\\/es\\\/.\\\/turismo-landas\\\/\"},{\"@type\":\"ListItem\",\"position\":3,\"name\":\"Parque Natural de las Landas de Gascu\u00f1a\"}]},{\"@type\":\"WebSite\",\"@id\":\"https:\\\/\\\/www.arbre-dor.com\\\/es\\\/#website\",\"url\":\"https:\\\/\\\/www.arbre-dor.com\\\/es\\\/\",\"name\":\"Camping l&#039;Arbre d&#039;Or\",\"description\":\"\",\"potentialAction\":[{\"@type\":\"SearchAction\",\"target\":{\"@type\":\"EntryPoint\",\"urlTemplate\":\"https:\\\/\\\/www.arbre-dor.com\\\/es\\\/?s={search_term_string}\"},\"query-input\":{\"@type\":\"PropertyValueSpecification\",\"valueRequired\":true,\"valueName\":\"search_term_string\"}}],\"inLanguage\":\"es\"},{\"@type\":\"Person\",\"@id\":\"https:\\\/\\\/www.arbre-dor.com\\\/es\\\/#\\\/schema\\\/person\\\/f1191dbb0bfea9e40ba6c36af0e314a0\",\"name\":\"Guillaume Gruat\",\"image\":{\"@type\":\"ImageObject\",\"inLanguage\":\"es\",\"@id\":\"https:\\\/\\\/secure.gravatar.com\\\/avatar\\\/1513396c7ac8c82899917dad2e9fe7f1342b30b31f25d972a498d2fffdec2be0?s=96&d=mm&r=g\",\"url\":\"https:\\\/\\\/secure.gravatar.com\\\/avatar\\\/1513396c7ac8c82899917dad2e9fe7f1342b30b31f25d972a498d2fffdec2be0?s=96&d=mm&r=g\",\"contentUrl\":\"https:\\\/\\\/secure.gravatar.com\\\/avatar\\\/1513396c7ac8c82899917dad2e9fe7f1342b30b31f25d972a498d2fffdec2be0?s=96&d=mm&r=g\",\"caption\":\"Guillaume Gruat\"},\"description\":\"G\u00e9rant du camping L'Arbre d'Or et pr\u00e9sident du SDHPA des Landes, je connais les Landes comme ma poche.\"}]}<\/script>\n<!-- \/ Yoast SEO plugin. -->","yoast_head_json":{"title":"Parque Natural de las Landas de Gascu\u00f1a: descubre un espacio natural regional protegido","description":"Descubre el esplendor natural del Parque Natural Regional de las Landas de Gascu\u00f1a, entre bosques, lagunas y territorios protegidos.","robots":{"index":"index","follow":"follow","max-snippet":"max-snippet:-1","max-image-preview":"max-image-preview:large","max-video-preview":"max-video-preview:-1"},"canonical":"https:\/\/www.arbre-dor.com\/es\/turismo-landas\/parque-natural-landas-gascuna\/","og_locale":"es_ES","og_type":"article","og_title":"Parque Natural de las Landas de Gascu\u00f1a: descubre un espacio natural regional protegido","og_description":"Descubre el esplendor natural del Parque Natural Regional de las Landas de Gascu\u00f1a, entre bosques, lagunas y territorios protegidos.","og_url":"https:\/\/www.arbre-dor.com\/es\/turismo-landas\/parque-natural-landas-gascuna\/","og_site_name":"Camping l&#039;Arbre d&#039;Or","article_published_time":"2024-04-18T13:54:07+00:00","article_modified_time":"2026-09-03T12:53:47+00:00","og_image":[{"width":533,"height":400,"url":"https:\/\/www.arbre-dor.com\/wp-content\/uploads\/2024\/04\/landes-parc-naturel-gascogne.jpg","type":"image\/jpeg"}],"author":"Guillaume Gruat","twitter_card":"summary_large_image","twitter_misc":{"Escrito por":"Guillaume Gruat","Tiempo de lectura":"5 minutos"},"schema":{"@context":"https:\/\/schema.org","@graph":[{"@type":"Article","@id":"https:\/\/www.arbre-dor.com\/es\/turismo-landas\/parque-natural-landas-gascuna\/#article","isPartOf":{"@id":"https:\/\/www.arbre-dor.com\/es\/turismo-landas\/parque-natural-landas-gascuna\/"},"author":{"name":"Guillaume Gruat","@id":"https:\/\/www.arbre-dor.com\/es\/#\/schema\/person\/f1191dbb0bfea9e40ba6c36af0e314a0"},"headline":"Parque Natural de las Landas de Gascu\u00f1a","datePublished":"2024-04-18T13:54:07+00:00","dateModified":"2026-09-03T12:53:47+00:00","mainEntityOfPage":{"@id":"https:\/\/www.arbre-dor.com\/es\/turismo-landas\/parque-natural-landas-gascuna\/"},"wordCount":926,"commentCount":0,"image":{"@id":"https:\/\/www.arbre-dor.com\/es\/turismo-landas\/parque-natural-landas-gascuna\/#primaryimage"},"thumbnailUrl":"https:\/\/www.arbre-dor.com\/wp-content\/uploads\/2024\/04\/landes-parc-naturel-gascogne.jpg","articleSection":["Turismo Landas"],"inLanguage":"es","potentialAction":[{"@type":"CommentAction","name":"Comment","target":["https:\/\/www.arbre-dor.com\/es\/turismo-landas\/parque-natural-landas-gascuna\/#respond"]}]},{"@type":"WebPage","@id":"https:\/\/www.arbre-dor.com\/es\/turismo-landas\/parque-natural-landas-gascuna\/","url":"https:\/\/www.arbre-dor.com\/es\/turismo-landas\/parque-natural-landas-gascuna\/","name":"Parque Natural de las Landas de Gascu\u00f1a: descubre un espacio natural regional protegido","isPartOf":{"@id":"https:\/\/www.arbre-dor.com\/es\/#website"},"primaryImageOfPage":{"@id":"https:\/\/www.arbre-dor.com\/es\/turismo-landas\/parque-natural-landas-gascuna\/#primaryimage"},"image":{"@id":"https:\/\/www.arbre-dor.com\/es\/turismo-landas\/parque-natural-landas-gascuna\/#primaryimage"},"thumbnailUrl":"https:\/\/www.arbre-dor.com\/wp-content\/uploads\/2024\/04\/landes-parc-naturel-gascogne.jpg","datePublished":"2024-04-18T13:54:07+00:00","dateModified":"2026-09-03T12:53:47+00:00","author":{"@id":"https:\/\/www.arbre-dor.com\/es\/#\/schema\/person\/f1191dbb0bfea9e40ba6c36af0e314a0"},"description":"Descubre el esplendor natural del Parque Natural Regional de las Landas de Gascu\u00f1a, entre bosques, lagunas y territorios protegidos.","breadcrumb":{"@id":"https:\/\/www.arbre-dor.com\/es\/turismo-landas\/parque-natural-landas-gascuna\/#breadcrumb"},"inLanguage":"es","potentialAction":[{"@type":"ReadAction","target":["https:\/\/www.arbre-dor.com\/es\/turismo-landas\/parque-natural-landas-gascuna\/"]}]},{"@type":"ImageObject","inLanguage":"es","@id":"https:\/\/www.arbre-dor.com\/es\/turismo-landas\/parque-natural-landas-gascuna\/#primaryimage","url":"https:\/\/www.arbre-dor.com\/wp-content\/uploads\/2024\/04\/landes-parc-naturel-gascogne.jpg","contentUrl":"https:\/\/www.arbre-dor.com\/wp-content\/uploads\/2024\/04\/landes-parc-naturel-gascogne.jpg","width":533,"height":400},{"@type":"BreadcrumbList","@id":"https:\/\/www.arbre-dor.com\/es\/turismo-landas\/parque-natural-landas-gascuna\/#breadcrumb","itemListElement":[{"@type":"ListItem","position":1,"name":"Camping Biscarrosse","item":"https:\/\/www.arbre-dor.com\/es\/"},{"@type":"ListItem","position":2,"name":"Turismo Landas","item":"https:\/\/www.arbre-dor.com\/es\/.\/turismo-landas\/"},{"@type":"ListItem","position":3,"name":"Parque Natural de las Landas de Gascu\u00f1a"}]},{"@type":"WebSite","@id":"https:\/\/www.arbre-dor.com\/es\/#website","url":"https:\/\/www.arbre-dor.com\/es\/","name":"Camping l&#039;Arbre d&#039;Or","description":"","potentialAction":[{"@type":"SearchAction","target":{"@type":"EntryPoint","urlTemplate":"https:\/\/www.arbre-dor.com\/es\/?s={search_term_string}"},"query-input":{"@type":"PropertyValueSpecification","valueRequired":true,"valueName":"search_term_string"}}],"inLanguage":"es"},{"@type":"Person","@id":"https:\/\/www.arbre-dor.com\/es\/#\/schema\/person\/f1191dbb0bfea9e40ba6c36af0e314a0","name":"Guillaume Gruat","image":{"@type":"ImageObject","inLanguage":"es","@id":"https:\/\/secure.gravatar.com\/avatar\/1513396c7ac8c82899917dad2e9fe7f1342b30b31f25d972a498d2fffdec2be0?s=96&d=mm&r=g","url":"https:\/\/secure.gravatar.com\/avatar\/1513396c7ac8c82899917dad2e9fe7f1342b30b31f25d972a498d2fffdec2be0?s=96&d=mm&r=g","contentUrl":"https:\/\/secure.gravatar.com\/avatar\/1513396c7ac8c82899917dad2e9fe7f1342b30b31f25d972a498d2fffdec2be0?s=96&d=mm&r=g","caption":"Guillaume Gruat"},"description":"G\u00e9rant du camping L'Arbre d'Or et pr\u00e9sident du SDHPA des Landes, je connais les Landes comme ma poche."}]}},"_links":{"self":[{"href":"https:\/\/www.arbre-dor.com\/es\/wp-json\/wp\/v2\/posts\/14252","targetHints":{"allow":["GET"]}}],"collection":[{"href":"https:\/\/www.arbre-dor.com\/es\/wp-json\/wp\/v2\/posts"}],"about":[{"href":"https:\/\/www.arbre-dor.com\/es\/wp-json\/wp\/v2\/types\/post"}],"author":[{"embeddable":true,"href":"https:\/\/www.arbre-dor.com\/es\/wp-json\/wp\/v2\/users\/4"}],"replies":[{"embeddable":true,"href":"https:\/\/www.arbre-dor.com\/es\/wp-json\/wp\/v2\/comments?post=14252"}],"version-history":[{"count":2,"href":"https:\/\/www.arbre-dor.com\/es\/wp-json\/wp\/v2\/posts\/14252\/revisions"}],"predecessor-version":[{"id":14373,"href":"https:\/\/www.arbre-dor.com\/es\/wp-json\/wp\/v2\/posts\/14252\/revisions\/14373"}],"wp:featuredmedia":[{"embeddable":true,"href":"https:\/\/www.arbre-dor.com\/es\/wp-json\/wp\/v2\/media\/8304"}],"wp:attachment":[{"href":"https:\/\/www.arbre-dor.com\/es\/wp-json\/wp\/v2\/media?parent=14252"}],"wp:term":[{"taxonomy":"category","embeddable":true,"href":"https:\/\/www.arbre-dor.com\/es\/wp-json\/wp\/v2\/categories?post=14252"},{"taxonomy":"post_tag","embeddable":true,"href":"https:\/\/www.arbre-dor.com\/es\/wp-json\/wp\/v2\/tags?post=14252"}],"curies":[{"name":"wp","href":"https:\/\/api.w.org\/{rel}","templated":true}]}}