{"id":14255,"date":"2024-03-26T09:44:32","date_gmt":"2024-03-26T09:44:32","guid":{"rendered":"https:\/\/www.arbre-dor.com\/?p=14255"},"modified":"2026-09-03T12:53:47","modified_gmt":"2026-09-03T12:53:47","slug":"reserva-natural-marisma-de-orx","status":"publish","type":"post","link":"https:\/\/www.arbre-dor.com\/es\/turismo-landas\/reserva-natural-marisma-de-orx\/","title":{"rendered":"La Reserva Natural de la Marisma de Orx"},"content":{"rendered":"<h2>La historia de la Marisma de Orx<\/h2>\n<p>La historia de la <strong>Marisma de Orx<\/strong> est\u00e1 marcada por una transformaci\u00f3n notable, que comenz\u00f3 en el siglo XIX bajo el reinado de Napole\u00f3n III. En un principio, esta vasta extensi\u00f3n era un p\u00f3lder, una superficie de tierra ganada al agua, destinada a la agricultura gracias a un ambicioso proyecto de desecaci\u00f3n. Esta transformaci\u00f3n del paisaje ten\u00eda como objetivo aprovechar las tierras para el cultivo y la ganader\u00eda, modificando profundamente el ecosistema local. Sin embargo, con el paso del tiempo, la creciente conciencia sobre la importancia ecol\u00f3gica de estas zonas h\u00famedas dio lugar a un cambio de rumbo significativo. En 1995, la <strong>Marisma de Orx<\/strong> fue <strong>reconocida oficialmente como reserva natural<\/strong>, marcando el inicio de una etapa dedicada a la preservaci\u00f3n y restauraci\u00f3n de su biodiversidad original. Este punto de inflexi\u00f3n ilustra la evoluci\u00f3n de nuestra relaci\u00f3n con el medio ambiente, subrayando la importancia de proteger estos espacios \u00fanicos para las generaciones futuras.<\/p>\n<h2>La fauna y la flora de la Marisma de Orx<\/h2>\n<p>La Marisma de Orx, santuario de biodiversidad en las Landas, alberga <strong>una fauna y una flora de una riqueza excepcional<\/strong>. Entre los habitantes alados de la marisma se cuentan numerosas especies de aves, algunas de ellas raras y protegidas. Los observadores pueden admirar <strong>garzas imperiales<\/strong>, cig\u00fce\u00f1as o incluso <strong>esp\u00e1tulas blancas<\/strong>, que se desenvuelven en su h\u00e1bitat natural. La <strong>reserva natural de la Marisma de Orx<\/strong> es tambi\u00e9n un importante lugar de invernada para las aves acu\u00e1ticas, que ofrece un espect\u00e1culo vivo y cambiante seg\u00fan las estaciones.<\/p>\n<p>La flora no se queda atr\u00e1s, con una variedad de plantas adaptadas al entorno espec\u00edfico de las zonas h\u00famedas. Desde los <strong>carrizos<\/strong> ondulantes hasta los nen\u00fafares que emergen de las aguas tranquilas, cada elemento contribuye al equilibrio ecol\u00f3gico de la marisma. Estos espacios verdes sirven de refugio y de zona de alimentaci\u00f3n para la fauna, desempe\u00f1ando un papel crucial en la cadena alimentaria y en la reproducci\u00f3n de las especies.<\/p>\n<p>La <strong>gesti\u00f3n de la Marisma de Orx<\/strong> tiene como objetivo preservar esta diversidad biol\u00f3gica mediante acciones de conservaci\u00f3n y sensibilizaci\u00f3n, con el fin de mantener este patrimonio natural para las generaciones actuales y futuras.<\/p>\n<h2>La gesti\u00f3n y la preservaci\u00f3n del espacio natural<\/h2>\n<p>La gesti\u00f3n y la preservaci\u00f3n de la <strong>Reserva Natural de la Marisma de Orx<\/strong> se llevan a cabo con especial atenci\u00f3n al delicado equilibrio de este ecosistema \u00fanico. Los esfuerzos de conservaci\u00f3n buscan no solo proteger los h\u00e1bitats naturales de las especies residentes y migratorias, sino tambi\u00e9n restaurar las zonas degradadas por actividades humanas anteriores. Se aplican regularmente medidas concretas, como el control de los niveles de agua, la gesti\u00f3n de la vegetaci\u00f3n invasora y la reintroducci\u00f3n de plantas aut\u00f3ctonas, para mantener la diversidad biol\u00f3gica de la marisma.<\/p>\n<h2>Actividades y descubrimientos en la Marisma de Orx<\/h2>\n<p>La <strong>Marisma de Orx<\/strong> ofrece multitud de actividades y descubrimientos para los amantes de la naturaleza y de la ornitolog\u00eda. Este lugar excepcional de las Landas invita a la exploraci\u00f3n a trav\u00e9s de senderos de senderismo se\u00f1alizados, que permiten observar la riqueza de su biodiversidad respetando el medio ambiente. Los visitantes pueden sumergirse en el fascinante universo de las aves migratorias y de las especies locales gracias a puntos de observaci\u00f3n estrat\u00e9gicamente situados, que ofrecen vistas privilegiadas de los distintos h\u00e1bitats de la marisma.<\/p>\n<p>Tambi\u00e9n se ofrecen visitas guiadas, dirigidas por naturalistas experimentados que comparten sus conocimientos sobre la fauna, la flora y la historia geol\u00f3gica de la <strong>Marisma de Orx<\/strong>. Estas excursiones educativas enriquecen la comprensi\u00f3n de los ecosistemas y subrayan la importancia de la conservaci\u00f3n.<\/p>\n<p>Para las familias, hay talleres pedag\u00f3gicos adaptados a los ni\u00f1os que permiten concienciar a los m\u00e1s peque\u00f1os sobre la protecci\u00f3n del medio ambiente mientras se divierten. La <strong>Reserva Natural de la Marisma de Orx<\/strong> se revela as\u00ed como un destino privilegiado para todos aquellos que deseen conectar con la naturaleza y descubrir las maravillas de un ecosistema preservado, participando al mismo tiempo en actividades enriquecedoras y respetuosas con la biodiversidad.<\/p>\n<h2>Informaci\u00f3n pr\u00e1ctica para tu visita a la Marisma de Orx<\/h2>\n<p>El <strong>acceso a la Reserva Natural de la Marisma de Orx<\/strong> es gratuito y el lugar est\u00e1 abierto todo el a\u00f1o. Podr\u00e1s descubrirla de 9:00 a 19:00 todos los d\u00edas de la semana durante la temporada estival. En mayo y junio, y de septiembre a octubre, podr\u00e1s visitar la reserva cualquier d\u00eda, de 9:00 a 12:30 y de 14:00 a 17:00. Por \u00faltimo, de octubre a abril, ven a explorar este espacio natural de 14:00 a 17:00 de martes a s\u00e1bado, y los domingos de 9:00 a 12:00 y de 14:00 a 17:00.<\/p>\n<p>Se recomienda llevar prism\u00e1ticos para la observaci\u00f3n de aves, as\u00ed como calzado adecuado para los senderos. Las visitas guiadas y los talleres suelen requerir reserva previa. Por \u00faltimo, no olvides respetar las normas de conservaci\u00f3n del medio ambiente para garantizar la protecci\u00f3n de este lugar excepcional.<\/p>\n","protected":false},"excerpt":{"rendered":"<p>La historia de la Marisma de Orx La historia de la Marisma de Orx est\u00e1 marcada por una transformaci\u00f3n notable, que comenz\u00f3 en el siglo XIX bajo el reinado de Napole\u00f3n III. En un principio, esta vasta extensi\u00f3n era un p\u00f3lder, una superficie de tierra ganada al agua, destinada a la agricultura gracias a un [&hellip;]<\/p>\n","protected":false},"author":4,"featured_media":8265,"comment_status":"open","ping_status":"closed","sticky":false,"template":"","format":"standard","meta":{"_acf_changed":false,"_et_pb_use_builder":"","_et_pb_old_content":"","_et_gb_content_width":"","inline_featured_image":false,"footnotes":""},"categories":[81],"tags":[],"class_list":["post-14255","post","type-post","status-publish","format-standard","has-post-thumbnail","category-turismo-landas"],"acf":{"essentiel_a_retenir":null,"faq":null,"sources":null,"sources_verifie_le":null,"cta_bas_de_page":{"titre":"Aves en el marjal, calma junto al lago","texte":"Tras una ma\u00f1ana observando aves en el Marais d'Orx, L'Arbre d'Or le espera en Parentis-en-Born para una pausa junto al lago de Biscarrosse. Parcelas con sombra y mobil-homes a pocos minutos de la naturaleza intacta de las Landas."}},"yoast_head":"<!-- This site is optimized with the Yoast SEO plugin v28.4 - https:\/\/yoast.com\/product\/yoast-seo-wordpress\/ -->\n<title>La Reserva Natural de la Marisma de Orx - Camping l&#039;Arbre d&#039;Or<\/title>\n<meta name=\"robots\" content=\"index, follow, max-snippet:-1, max-image-preview:large, max-video-preview:-1\" \/>\n<link rel=\"canonical\" href=\"https:\/\/www.arbre-dor.com\/es\/turismo-landas\/reserva-natural-marisma-de-orx\/\" \/>\n<meta property=\"og:locale\" content=\"es_ES\" \/>\n<meta property=\"og:type\" content=\"article\" \/>\n<meta property=\"og:title\" content=\"La Reserva Natural de la Marisma de Orx - Camping l&#039;Arbre d&#039;Or\" \/>\n<meta property=\"og:description\" content=\"La historia de la Marisma de Orx La historia de la Marisma de Orx est\u00e1 marcada por una transformaci\u00f3n notable, que comenz\u00f3 en el siglo XIX bajo el reinado de Napole\u00f3n III. En un principio, esta vasta extensi\u00f3n era un p\u00f3lder, una superficie de tierra ganada al agua, destinada a la agricultura gracias a un [&hellip;]\" \/>\n<meta property=\"og:url\" content=\"https:\/\/www.arbre-dor.com\/es\/turismo-landas\/reserva-natural-marisma-de-orx\/\" \/>\n<meta property=\"og:site_name\" content=\"Camping l&#039;Arbre d&#039;Or\" \/>\n<meta property=\"article:published_time\" content=\"2024-03-26T09:44:32+00:00\" \/>\n<meta property=\"article:modified_time\" content=\"2026-09-03T12:53:47+00:00\" \/>\n<meta property=\"og:image\" content=\"https:\/\/www.arbre-dor.com\/wp-content\/uploads\/2024\/03\/reserve-naturelle-marais-orx.jpg\" \/>\n\t<meta property=\"og:image:width\" content=\"1807\" \/>\n\t<meta property=\"og:image:height\" content=\"750\" \/>\n\t<meta property=\"og:image:type\" content=\"image\/jpeg\" \/>\n<meta name=\"author\" content=\"Guillaume Gruat\" \/>\n<meta name=\"twitter:card\" content=\"summary_large_image\" \/>\n<meta name=\"twitter:label1\" content=\"Escrito por\" \/>\n\t<meta name=\"twitter:data1\" content=\"Guillaume Gruat\" \/>\n\t<meta name=\"twitter:label2\" content=\"Tiempo de lectura\" \/>\n\t<meta name=\"twitter:data2\" content=\"5 minutos\" \/>\n<script type=\"application\/ld+json\" class=\"yoast-schema-graph\">{\"@context\":\"https:\\\/\\\/schema.org\",\"@graph\":[{\"@type\":\"Article\",\"@id\":\"https:\\\/\\\/www.arbre-dor.com\\\/es\\\/turismo-landas\\\/reserva-natural-marisma-de-orx\\\/#article\",\"isPartOf\":{\"@id\":\"https:\\\/\\\/www.arbre-dor.com\\\/es\\\/turismo-landas\\\/reserva-natural-marisma-de-orx\\\/\"},\"author\":{\"name\":\"Guillaume Gruat\",\"@id\":\"https:\\\/\\\/www.arbre-dor.com\\\/es\\\/#\\\/schema\\\/person\\\/f1191dbb0bfea9e40ba6c36af0e314a0\"},\"headline\":\"La Reserva Natural de la Marisma de Orx\",\"datePublished\":\"2024-03-26T09:44:32+00:00\",\"dateModified\":\"2026-09-03T12:53:47+00:00\",\"mainEntityOfPage\":{\"@id\":\"https:\\\/\\\/www.arbre-dor.com\\\/es\\\/turismo-landas\\\/reserva-natural-marisma-de-orx\\\/\"},\"wordCount\":881,\"commentCount\":0,\"image\":{\"@id\":\"https:\\\/\\\/www.arbre-dor.com\\\/es\\\/turismo-landas\\\/reserva-natural-marisma-de-orx\\\/#primaryimage\"},\"thumbnailUrl\":\"https:\\\/\\\/www.arbre-dor.com\\\/wp-content\\\/uploads\\\/2024\\\/03\\\/reserve-naturelle-marais-orx.jpg\",\"articleSection\":[\"Turismo Landas\"],\"inLanguage\":\"es\",\"potentialAction\":[{\"@type\":\"CommentAction\",\"name\":\"Comment\",\"target\":[\"https:\\\/\\\/www.arbre-dor.com\\\/es\\\/turismo-landas\\\/reserva-natural-marisma-de-orx\\\/#respond\"]}]},{\"@type\":\"WebPage\",\"@id\":\"https:\\\/\\\/www.arbre-dor.com\\\/es\\\/turismo-landas\\\/reserva-natural-marisma-de-orx\\\/\",\"url\":\"https:\\\/\\\/www.arbre-dor.com\\\/es\\\/turismo-landas\\\/reserva-natural-marisma-de-orx\\\/\",\"name\":\"La Reserva Natural de la Marisma de Orx - Camping l'Arbre d'Or\",\"isPartOf\":{\"@id\":\"https:\\\/\\\/www.arbre-dor.com\\\/es\\\/#website\"},\"primaryImageOfPage\":{\"@id\":\"https:\\\/\\\/www.arbre-dor.com\\\/es\\\/turismo-landas\\\/reserva-natural-marisma-de-orx\\\/#primaryimage\"},\"image\":{\"@id\":\"https:\\\/\\\/www.arbre-dor.com\\\/es\\\/turismo-landas\\\/reserva-natural-marisma-de-orx\\\/#primaryimage\"},\"thumbnailUrl\":\"https:\\\/\\\/www.arbre-dor.com\\\/wp-content\\\/uploads\\\/2024\\\/03\\\/reserve-naturelle-marais-orx.jpg\",\"datePublished\":\"2024-03-26T09:44:32+00:00\",\"dateModified\":\"2026-09-03T12:53:47+00:00\",\"author\":{\"@id\":\"https:\\\/\\\/www.arbre-dor.com\\\/es\\\/#\\\/schema\\\/person\\\/f1191dbb0bfea9e40ba6c36af0e314a0\"},\"breadcrumb\":{\"@id\":\"https:\\\/\\\/www.arbre-dor.com\\\/es\\\/turismo-landas\\\/reserva-natural-marisma-de-orx\\\/#breadcrumb\"},\"inLanguage\":\"es\",\"potentialAction\":[{\"@type\":\"ReadAction\",\"target\":[\"https:\\\/\\\/www.arbre-dor.com\\\/es\\\/turismo-landas\\\/reserva-natural-marisma-de-orx\\\/\"]}]},{\"@type\":\"ImageObject\",\"inLanguage\":\"es\",\"@id\":\"https:\\\/\\\/www.arbre-dor.com\\\/es\\\/turismo-landas\\\/reserva-natural-marisma-de-orx\\\/#primaryimage\",\"url\":\"https:\\\/\\\/www.arbre-dor.com\\\/wp-content\\\/uploads\\\/2024\\\/03\\\/reserve-naturelle-marais-orx.jpg\",\"contentUrl\":\"https:\\\/\\\/www.arbre-dor.com\\\/wp-content\\\/uploads\\\/2024\\\/03\\\/reserve-naturelle-marais-orx.jpg\",\"width\":1807,\"height\":750},{\"@type\":\"BreadcrumbList\",\"@id\":\"https:\\\/\\\/www.arbre-dor.com\\\/es\\\/turismo-landas\\\/reserva-natural-marisma-de-orx\\\/#breadcrumb\",\"itemListElement\":[{\"@type\":\"ListItem\",\"position\":1,\"name\":\"Camping Biscarrosse\",\"item\":\"https:\\\/\\\/www.arbre-dor.com\\\/es\\\/\"},{\"@type\":\"ListItem\",\"position\":2,\"name\":\"Turismo Landas\",\"item\":\"https:\\\/\\\/www.arbre-dor.com\\\/es\\\/.\\\/turismo-landas\\\/\"},{\"@type\":\"ListItem\",\"position\":3,\"name\":\"La Reserva Natural de la Marisma de Orx\"}]},{\"@type\":\"WebSite\",\"@id\":\"https:\\\/\\\/www.arbre-dor.com\\\/es\\\/#website\",\"url\":\"https:\\\/\\\/www.arbre-dor.com\\\/es\\\/\",\"name\":\"Camping l&#039;Arbre d&#039;Or\",\"description\":\"\",\"potentialAction\":[{\"@type\":\"SearchAction\",\"target\":{\"@type\":\"EntryPoint\",\"urlTemplate\":\"https:\\\/\\\/www.arbre-dor.com\\\/es\\\/?s={search_term_string}\"},\"query-input\":{\"@type\":\"PropertyValueSpecification\",\"valueRequired\":true,\"valueName\":\"search_term_string\"}}],\"inLanguage\":\"es\"},{\"@type\":\"Person\",\"@id\":\"https:\\\/\\\/www.arbre-dor.com\\\/es\\\/#\\\/schema\\\/person\\\/f1191dbb0bfea9e40ba6c36af0e314a0\",\"name\":\"Guillaume Gruat\",\"image\":{\"@type\":\"ImageObject\",\"inLanguage\":\"es\",\"@id\":\"https:\\\/\\\/secure.gravatar.com\\\/avatar\\\/1513396c7ac8c82899917dad2e9fe7f1342b30b31f25d972a498d2fffdec2be0?s=96&d=mm&r=g\",\"url\":\"https:\\\/\\\/secure.gravatar.com\\\/avatar\\\/1513396c7ac8c82899917dad2e9fe7f1342b30b31f25d972a498d2fffdec2be0?s=96&d=mm&r=g\",\"contentUrl\":\"https:\\\/\\\/secure.gravatar.com\\\/avatar\\\/1513396c7ac8c82899917dad2e9fe7f1342b30b31f25d972a498d2fffdec2be0?s=96&d=mm&r=g\",\"caption\":\"Guillaume Gruat\"},\"description\":\"G\u00e9rant du camping L'Arbre d'Or et pr\u00e9sident du SDHPA des Landes, je connais les Landes comme ma poche.\"}]}<\/script>\n<!-- \/ Yoast SEO plugin. -->","yoast_head_json":{"title":"La Reserva Natural de la Marisma de Orx - Camping l'Arbre d'Or","robots":{"index":"index","follow":"follow","max-snippet":"max-snippet:-1","max-image-preview":"max-image-preview:large","max-video-preview":"max-video-preview:-1"},"canonical":"https:\/\/www.arbre-dor.com\/es\/turismo-landas\/reserva-natural-marisma-de-orx\/","og_locale":"es_ES","og_type":"article","og_title":"La Reserva Natural de la Marisma de Orx - Camping l'Arbre d'Or","og_description":"La historia de la Marisma de Orx La historia de la Marisma de Orx est\u00e1 marcada por una transformaci\u00f3n notable, que comenz\u00f3 en el siglo XIX bajo el reinado de Napole\u00f3n III. En un principio, esta vasta extensi\u00f3n era un p\u00f3lder, una superficie de tierra ganada al agua, destinada a la agricultura gracias a un [&hellip;]","og_url":"https:\/\/www.arbre-dor.com\/es\/turismo-landas\/reserva-natural-marisma-de-orx\/","og_site_name":"Camping l&#039;Arbre d&#039;Or","article_published_time":"2024-03-26T09:44:32+00:00","article_modified_time":"2026-09-03T12:53:47+00:00","og_image":[{"width":1807,"height":750,"url":"https:\/\/www.arbre-dor.com\/wp-content\/uploads\/2024\/03\/reserve-naturelle-marais-orx.jpg","type":"image\/jpeg"}],"author":"Guillaume Gruat","twitter_card":"summary_large_image","twitter_misc":{"Escrito por":"Guillaume Gruat","Tiempo de lectura":"5 minutos"},"schema":{"@context":"https:\/\/schema.org","@graph":[{"@type":"Article","@id":"https:\/\/www.arbre-dor.com\/es\/turismo-landas\/reserva-natural-marisma-de-orx\/#article","isPartOf":{"@id":"https:\/\/www.arbre-dor.com\/es\/turismo-landas\/reserva-natural-marisma-de-orx\/"},"author":{"name":"Guillaume Gruat","@id":"https:\/\/www.arbre-dor.com\/es\/#\/schema\/person\/f1191dbb0bfea9e40ba6c36af0e314a0"},"headline":"La Reserva Natural de la Marisma de Orx","datePublished":"2024-03-26T09:44:32+00:00","dateModified":"2026-09-03T12:53:47+00:00","mainEntityOfPage":{"@id":"https:\/\/www.arbre-dor.com\/es\/turismo-landas\/reserva-natural-marisma-de-orx\/"},"wordCount":881,"commentCount":0,"image":{"@id":"https:\/\/www.arbre-dor.com\/es\/turismo-landas\/reserva-natural-marisma-de-orx\/#primaryimage"},"thumbnailUrl":"https:\/\/www.arbre-dor.com\/wp-content\/uploads\/2024\/03\/reserve-naturelle-marais-orx.jpg","articleSection":["Turismo Landas"],"inLanguage":"es","potentialAction":[{"@type":"CommentAction","name":"Comment","target":["https:\/\/www.arbre-dor.com\/es\/turismo-landas\/reserva-natural-marisma-de-orx\/#respond"]}]},{"@type":"WebPage","@id":"https:\/\/www.arbre-dor.com\/es\/turismo-landas\/reserva-natural-marisma-de-orx\/","url":"https:\/\/www.arbre-dor.com\/es\/turismo-landas\/reserva-natural-marisma-de-orx\/","name":"La Reserva Natural de la Marisma de Orx - Camping l'Arbre d'Or","isPartOf":{"@id":"https:\/\/www.arbre-dor.com\/es\/#website"},"primaryImageOfPage":{"@id":"https:\/\/www.arbre-dor.com\/es\/turismo-landas\/reserva-natural-marisma-de-orx\/#primaryimage"},"image":{"@id":"https:\/\/www.arbre-dor.com\/es\/turismo-landas\/reserva-natural-marisma-de-orx\/#primaryimage"},"thumbnailUrl":"https:\/\/www.arbre-dor.com\/wp-content\/uploads\/2024\/03\/reserve-naturelle-marais-orx.jpg","datePublished":"2024-03-26T09:44:32+00:00","dateModified":"2026-09-03T12:53:47+00:00","author":{"@id":"https:\/\/www.arbre-dor.com\/es\/#\/schema\/person\/f1191dbb0bfea9e40ba6c36af0e314a0"},"breadcrumb":{"@id":"https:\/\/www.arbre-dor.com\/es\/turismo-landas\/reserva-natural-marisma-de-orx\/#breadcrumb"},"inLanguage":"es","potentialAction":[{"@type":"ReadAction","target":["https:\/\/www.arbre-dor.com\/es\/turismo-landas\/reserva-natural-marisma-de-orx\/"]}]},{"@type":"ImageObject","inLanguage":"es","@id":"https:\/\/www.arbre-dor.com\/es\/turismo-landas\/reserva-natural-marisma-de-orx\/#primaryimage","url":"https:\/\/www.arbre-dor.com\/wp-content\/uploads\/2024\/03\/reserve-naturelle-marais-orx.jpg","contentUrl":"https:\/\/www.arbre-dor.com\/wp-content\/uploads\/2024\/03\/reserve-naturelle-marais-orx.jpg","width":1807,"height":750},{"@type":"BreadcrumbList","@id":"https:\/\/www.arbre-dor.com\/es\/turismo-landas\/reserva-natural-marisma-de-orx\/#breadcrumb","itemListElement":[{"@type":"ListItem","position":1,"name":"Camping Biscarrosse","item":"https:\/\/www.arbre-dor.com\/es\/"},{"@type":"ListItem","position":2,"name":"Turismo Landas","item":"https:\/\/www.arbre-dor.com\/es\/.\/turismo-landas\/"},{"@type":"ListItem","position":3,"name":"La Reserva Natural de la Marisma de Orx"}]},{"@type":"WebSite","@id":"https:\/\/www.arbre-dor.com\/es\/#website","url":"https:\/\/www.arbre-dor.com\/es\/","name":"Camping l&#039;Arbre d&#039;Or","description":"","potentialAction":[{"@type":"SearchAction","target":{"@type":"EntryPoint","urlTemplate":"https:\/\/www.arbre-dor.com\/es\/?s={search_term_string}"},"query-input":{"@type":"PropertyValueSpecification","valueRequired":true,"valueName":"search_term_string"}}],"inLanguage":"es"},{"@type":"Person","@id":"https:\/\/www.arbre-dor.com\/es\/#\/schema\/person\/f1191dbb0bfea9e40ba6c36af0e314a0","name":"Guillaume Gruat","image":{"@type":"ImageObject","inLanguage":"es","@id":"https:\/\/secure.gravatar.com\/avatar\/1513396c7ac8c82899917dad2e9fe7f1342b30b31f25d972a498d2fffdec2be0?s=96&d=mm&r=g","url":"https:\/\/secure.gravatar.com\/avatar\/1513396c7ac8c82899917dad2e9fe7f1342b30b31f25d972a498d2fffdec2be0?s=96&d=mm&r=g","contentUrl":"https:\/\/secure.gravatar.com\/avatar\/1513396c7ac8c82899917dad2e9fe7f1342b30b31f25d972a498d2fffdec2be0?s=96&d=mm&r=g","caption":"Guillaume Gruat"},"description":"G\u00e9rant du camping L'Arbre d'Or et pr\u00e9sident du SDHPA des Landes, je connais les Landes comme ma poche."}]}},"_links":{"self":[{"href":"https:\/\/www.arbre-dor.com\/es\/wp-json\/wp\/v2\/posts\/14255","targetHints":{"allow":["GET"]}}],"collection":[{"href":"https:\/\/www.arbre-dor.com\/es\/wp-json\/wp\/v2\/posts"}],"about":[{"href":"https:\/\/www.arbre-dor.com\/es\/wp-json\/wp\/v2\/types\/post"}],"author":[{"embeddable":true,"href":"https:\/\/www.arbre-dor.com\/es\/wp-json\/wp\/v2\/users\/4"}],"replies":[{"embeddable":true,"href":"https:\/\/www.arbre-dor.com\/es\/wp-json\/wp\/v2\/comments?post=14255"}],"version-history":[{"count":2,"href":"https:\/\/www.arbre-dor.com\/es\/wp-json\/wp\/v2\/posts\/14255\/revisions"}],"predecessor-version":[{"id":14390,"href":"https:\/\/www.arbre-dor.com\/es\/wp-json\/wp\/v2\/posts\/14255\/revisions\/14390"}],"wp:featuredmedia":[{"embeddable":true,"href":"https:\/\/www.arbre-dor.com\/es\/wp-json\/wp\/v2\/media\/8265"}],"wp:attachment":[{"href":"https:\/\/www.arbre-dor.com\/es\/wp-json\/wp\/v2\/media?parent=14255"}],"wp:term":[{"taxonomy":"category","embeddable":true,"href":"https:\/\/www.arbre-dor.com\/es\/wp-json\/wp\/v2\/categories?post=14255"},{"taxonomy":"post_tag","embeddable":true,"href":"https:\/\/www.arbre-dor.com\/es\/wp-json\/wp\/v2\/tags?post=14255"}],"curies":[{"name":"wp","href":"https:\/\/api.w.org\/{rel}","templated":true}]}}