{"id":14261,"date":"2023-11-17T11:02:58","date_gmt":"2023-11-17T11:02:58","guid":{"rendered":"https:\/\/www.arbre-dor.com\/?p=14261"},"modified":"2026-09-03T12:53:50","modified_gmt":"2026-09-03T12:53:50","slug":"arenas-de-dax","status":"publish","type":"post","link":"https:\/\/www.arbre-dor.com\/es\/turismo-landas\/arenas-de-dax\/","title":{"rendered":"Las Arenas de Dax"},"content":{"rendered":"<h2>Los eventos taurinos en las arenas de Dax<\/h2>\n<p>Las <strong>arenas de Dax<\/strong> son conocidas principalmente por sus <strong>corridas de toros<\/strong>. Entre los eventos m\u00e1s populares se encuentra el <strong>festival Toros y Salsa<\/strong>, que se celebra durante 3 d\u00edas en el mes de septiembre. Las arenas de Dax acogen este festival taurino cada a\u00f1o desde 1995. Adem\u00e1s de las <strong>corridas de toros<\/strong>, podr\u00e1s sumergirte en la cultura de las Landas gracias a los espect\u00e1culos musicales y los innumerables puestos de comida instalados en el parque de las Arenas.<\/p>\n<p>Si pasas tus vacaciones de verano en las Landas, no te pierdas la <strong>Feria de Dax<\/strong>. Un ambiente festivo te espera durante cinco d\u00edas y cinco noches sin parar, que te sumerge de lleno en la historia y la cultura landesa. Corridas de toros, gastronom\u00eda local, espect\u00e1culos, atracciones de feria: nada mejor para disfrutar de una estancia excepcional en familia durante las <strong>fiestas de Dax<\/strong>.<\/p>\n<h2>Otras actividades culturales y tur\u00edsticas en las arenas de Dax<\/h2>\n<p>Tambi\u00e9n es posible realizar la <strong>visita de las Arenas de Dax<\/strong>, incluso fuera de la temporada de eventos. Este espacio de cultura, historia y memoria abre sus puertas a los visitantes que deseen descubrir de cerca la arquitectura del edificio todas las tardes, de lunes a s\u00e1bado. Cabe se\u00f1alar, sin embargo, que la visita no est\u00e1 permitida durante las fiestas y otros eventos que se celebran en el edificio. Puedes ponerte en contacto con la oficina de turismo de la regi\u00f3n para informarte sobre la posibilidad de reservar una visita guiada.<\/p>\n<p>En las Arenas tambi\u00e9n suelen celebrarse conferencias, exposiciones y conciertos. Incluso es posible privatizar el edificio para eventos privados.<\/p>\n<p>Las <strong>Arenas de Dax<\/strong> se encuentran cerca de las estaciones balnearias m\u00e1s reconocidas de la regi\u00f3n. Aprovecha tu estancia durante la Feria o el Toros y Salsa para disfrutar de una cura termal en <strong>Saint-Paul-l\u00e8s-Dax<\/strong> o en Sabusse-les-Bains.<\/p>\n<h2>Proyectos de renovaci\u00f3n y puesta en valor de las arenas de Dax<\/h2>\n<p>Presente en el <strong>municipio de Dax<\/strong> desde hace 110 largos a\u00f1os, las Arenas empiezan a mostrar signos de deterioro. Hace 20 a\u00f1os se realizaron obras para reforzar la estructura. Sin embargo, con el objetivo de preservar y consolidar el edificio, se prev\u00e9n nuevas obras. Se ha realizado un diagn\u00f3stico estructural que ha revelado problemas de impermeabilizaci\u00f3n, causantes del deterioro del edificio.<\/p>\n<p>No obstante, el patrimonio arquitect\u00f3nico y la identidad cultural de las Arenas se mantendr\u00e1n intactos, ya que las obras se limitar\u00e1n a la impermeabilizaci\u00f3n.<\/p>\n<p>Las <strong>Arenas de Dax<\/strong> son uno de los monumentos m\u00e1s populares de Francia. Adem\u00e1s de las corridas de toros y la Feria de Dax, que atraen a un enorme n\u00famero de visitantes, la visita a la impresionante arquitectura del edificio merece mucho la pena durante tu estancia en las Landas.<\/p>\n<p>Aprovecha tus vacaciones para disfrutar de un par\u00e9ntesis de relax en nuestro <a href=\"https:\/\/www.arbre-dor.com\/es\/\">camping de 4 estrellas a orillas del lago de Biscarrosse<\/a>. El Camping Arbre d&#8217;Or se encuentra cerca de las Arenas de Dax y de otros lugares emblem\u00e1ticos que visitar en la regi\u00f3n.<\/p>\n","protected":false},"excerpt":{"rendered":"<p>Los eventos taurinos en las arenas de Dax Las arenas de Dax son conocidas principalmente por sus corridas de toros. Entre los eventos m\u00e1s populares se encuentra el festival Toros y Salsa, que se celebra durante 3 d\u00edas en el mes de septiembre. Las arenas de Dax acogen este festival taurino cada a\u00f1o desde 1995. [&hellip;]<\/p>\n","protected":false},"author":4,"featured_media":6944,"comment_status":"open","ping_status":"closed","sticky":false,"template":"","format":"standard","meta":{"_acf_changed":false,"_et_pb_use_builder":"","_et_pb_old_content":"","_et_gb_content_width":"","inline_featured_image":false,"footnotes":""},"categories":[81],"tags":[],"class_list":["post-14261","post","type-post","status-publish","format-standard","has-post-thumbnail","category-turismo-landas"],"acf":{"essentiel_a_retenir":null,"faq":null,"sources":null,"sources_verifie_le":null,"cta_bas_de_page":{"titre":"Despu\u00e9s de la corrida, calma junto al lago","texte":"A unos treinta minutos de L'Arbre d'Or, la plaza de toros de Dax le sumerge en la cultura taurina landesa. Vuelva despu\u00e9s a disfrutar de la tranquilidad de nuestras parcelas con sombra en Parentis-en-Born, junto al lago de Biscarrosse."}},"yoast_head":"<!-- This site is optimized with the Yoast SEO plugin v28.4 - https:\/\/yoast.com\/product\/yoast-seo-wordpress\/ -->\n<title>Las Arenas de Dax: descubre un monumento emblem\u00e1tico de las Landas<\/title>\n<meta name=\"description\" content=\"\u00bfTienes previsto un viaje a las Landas? Entre los monumentos imprescindibles del departamento, no te pierdas las arenas de Dax.\" \/>\n<meta name=\"robots\" content=\"index, follow, max-snippet:-1, max-image-preview:large, max-video-preview:-1\" \/>\n<link rel=\"canonical\" href=\"https:\/\/www.arbre-dor.com\/es\/turismo-landas\/arenas-de-dax\/\" \/>\n<meta property=\"og:locale\" content=\"es_ES\" \/>\n<meta property=\"og:type\" content=\"article\" \/>\n<meta property=\"og:title\" content=\"Las Arenas de Dax: descubre un monumento emblem\u00e1tico de las Landas\" \/>\n<meta property=\"og:description\" content=\"\u00bfTienes previsto un viaje a las Landas? Entre los monumentos imprescindibles del departamento, no te pierdas las arenas de Dax.\" \/>\n<meta property=\"og:url\" content=\"https:\/\/www.arbre-dor.com\/es\/turismo-landas\/arenas-de-dax\/\" \/>\n<meta property=\"og:site_name\" content=\"Camping l&#039;Arbre d&#039;Or\" \/>\n<meta property=\"article:published_time\" content=\"2023-11-17T11:02:58+00:00\" \/>\n<meta property=\"article:modified_time\" content=\"2026-09-03T12:53:50+00:00\" \/>\n<meta property=\"og:image\" content=\"https:\/\/www.arbre-dor.com\/wp-content\/uploads\/2023\/11\/dax-monument.jpg\" \/>\n\t<meta property=\"og:image:width\" content=\"800\" \/>\n\t<meta property=\"og:image:height\" content=\"600\" \/>\n\t<meta property=\"og:image:type\" content=\"image\/jpeg\" \/>\n<meta name=\"author\" content=\"Guillaume Gruat\" \/>\n<meta name=\"twitter:card\" content=\"summary_large_image\" \/>\n<meta name=\"twitter:label1\" content=\"Escrito por\" \/>\n\t<meta name=\"twitter:data1\" content=\"Guillaume Gruat\" \/>\n\t<meta name=\"twitter:label2\" content=\"Tiempo de lectura\" \/>\n\t<meta name=\"twitter:data2\" content=\"3 minutos\" \/>\n<script type=\"application\/ld+json\" class=\"yoast-schema-graph\">{\"@context\":\"https:\\\/\\\/schema.org\",\"@graph\":[{\"@type\":\"Article\",\"@id\":\"https:\\\/\\\/www.arbre-dor.com\\\/es\\\/turismo-landas\\\/arenas-de-dax\\\/#article\",\"isPartOf\":{\"@id\":\"https:\\\/\\\/www.arbre-dor.com\\\/es\\\/turismo-landas\\\/arenas-de-dax\\\/\"},\"author\":{\"name\":\"Guillaume Gruat\",\"@id\":\"https:\\\/\\\/www.arbre-dor.com\\\/es\\\/#\\\/schema\\\/person\\\/f1191dbb0bfea9e40ba6c36af0e314a0\"},\"headline\":\"Las Arenas de Dax\",\"datePublished\":\"2023-11-17T11:02:58+00:00\",\"dateModified\":\"2026-09-03T12:53:50+00:00\",\"mainEntityOfPage\":{\"@id\":\"https:\\\/\\\/www.arbre-dor.com\\\/es\\\/turismo-landas\\\/arenas-de-dax\\\/\"},\"wordCount\":535,\"commentCount\":0,\"image\":{\"@id\":\"https:\\\/\\\/www.arbre-dor.com\\\/es\\\/turismo-landas\\\/arenas-de-dax\\\/#primaryimage\"},\"thumbnailUrl\":\"https:\\\/\\\/www.arbre-dor.com\\\/wp-content\\\/uploads\\\/2023\\\/11\\\/dax-monument.jpg\",\"articleSection\":[\"Turismo Landas\"],\"inLanguage\":\"es\",\"potentialAction\":[{\"@type\":\"CommentAction\",\"name\":\"Comment\",\"target\":[\"https:\\\/\\\/www.arbre-dor.com\\\/es\\\/turismo-landas\\\/arenas-de-dax\\\/#respond\"]}]},{\"@type\":\"WebPage\",\"@id\":\"https:\\\/\\\/www.arbre-dor.com\\\/es\\\/turismo-landas\\\/arenas-de-dax\\\/\",\"url\":\"https:\\\/\\\/www.arbre-dor.com\\\/es\\\/turismo-landas\\\/arenas-de-dax\\\/\",\"name\":\"Las Arenas de Dax: descubre un monumento emblem\u00e1tico de las Landas\",\"isPartOf\":{\"@id\":\"https:\\\/\\\/www.arbre-dor.com\\\/es\\\/#website\"},\"primaryImageOfPage\":{\"@id\":\"https:\\\/\\\/www.arbre-dor.com\\\/es\\\/turismo-landas\\\/arenas-de-dax\\\/#primaryimage\"},\"image\":{\"@id\":\"https:\\\/\\\/www.arbre-dor.com\\\/es\\\/turismo-landas\\\/arenas-de-dax\\\/#primaryimage\"},\"thumbnailUrl\":\"https:\\\/\\\/www.arbre-dor.com\\\/wp-content\\\/uploads\\\/2023\\\/11\\\/dax-monument.jpg\",\"datePublished\":\"2023-11-17T11:02:58+00:00\",\"dateModified\":\"2026-09-03T12:53:50+00:00\",\"author\":{\"@id\":\"https:\\\/\\\/www.arbre-dor.com\\\/es\\\/#\\\/schema\\\/person\\\/f1191dbb0bfea9e40ba6c36af0e314a0\"},\"description\":\"\u00bfTienes previsto un viaje a las Landas? Entre los monumentos imprescindibles del departamento, no te pierdas las arenas de Dax.\",\"breadcrumb\":{\"@id\":\"https:\\\/\\\/www.arbre-dor.com\\\/es\\\/turismo-landas\\\/arenas-de-dax\\\/#breadcrumb\"},\"inLanguage\":\"es\",\"potentialAction\":[{\"@type\":\"ReadAction\",\"target\":[\"https:\\\/\\\/www.arbre-dor.com\\\/es\\\/turismo-landas\\\/arenas-de-dax\\\/\"]}]},{\"@type\":\"ImageObject\",\"inLanguage\":\"es\",\"@id\":\"https:\\\/\\\/www.arbre-dor.com\\\/es\\\/turismo-landas\\\/arenas-de-dax\\\/#primaryimage\",\"url\":\"https:\\\/\\\/www.arbre-dor.com\\\/wp-content\\\/uploads\\\/2023\\\/11\\\/dax-monument.jpg\",\"contentUrl\":\"https:\\\/\\\/www.arbre-dor.com\\\/wp-content\\\/uploads\\\/2023\\\/11\\\/dax-monument.jpg\",\"width\":800,\"height\":600},{\"@type\":\"BreadcrumbList\",\"@id\":\"https:\\\/\\\/www.arbre-dor.com\\\/es\\\/turismo-landas\\\/arenas-de-dax\\\/#breadcrumb\",\"itemListElement\":[{\"@type\":\"ListItem\",\"position\":1,\"name\":\"Camping Biscarrosse\",\"item\":\"https:\\\/\\\/www.arbre-dor.com\\\/es\\\/\"},{\"@type\":\"ListItem\",\"position\":2,\"name\":\"Turismo Landas\",\"item\":\"https:\\\/\\\/www.arbre-dor.com\\\/es\\\/.\\\/turismo-landas\\\/\"},{\"@type\":\"ListItem\",\"position\":3,\"name\":\"Las Arenas de Dax\"}]},{\"@type\":\"WebSite\",\"@id\":\"https:\\\/\\\/www.arbre-dor.com\\\/es\\\/#website\",\"url\":\"https:\\\/\\\/www.arbre-dor.com\\\/es\\\/\",\"name\":\"Camping l&#039;Arbre d&#039;Or\",\"description\":\"\",\"potentialAction\":[{\"@type\":\"SearchAction\",\"target\":{\"@type\":\"EntryPoint\",\"urlTemplate\":\"https:\\\/\\\/www.arbre-dor.com\\\/es\\\/?s={search_term_string}\"},\"query-input\":{\"@type\":\"PropertyValueSpecification\",\"valueRequired\":true,\"valueName\":\"search_term_string\"}}],\"inLanguage\":\"es\"},{\"@type\":\"Person\",\"@id\":\"https:\\\/\\\/www.arbre-dor.com\\\/es\\\/#\\\/schema\\\/person\\\/f1191dbb0bfea9e40ba6c36af0e314a0\",\"name\":\"Guillaume Gruat\",\"image\":{\"@type\":\"ImageObject\",\"inLanguage\":\"es\",\"@id\":\"https:\\\/\\\/secure.gravatar.com\\\/avatar\\\/1513396c7ac8c82899917dad2e9fe7f1342b30b31f25d972a498d2fffdec2be0?s=96&d=mm&r=g\",\"url\":\"https:\\\/\\\/secure.gravatar.com\\\/avatar\\\/1513396c7ac8c82899917dad2e9fe7f1342b30b31f25d972a498d2fffdec2be0?s=96&d=mm&r=g\",\"contentUrl\":\"https:\\\/\\\/secure.gravatar.com\\\/avatar\\\/1513396c7ac8c82899917dad2e9fe7f1342b30b31f25d972a498d2fffdec2be0?s=96&d=mm&r=g\",\"caption\":\"Guillaume Gruat\"},\"description\":\"G\u00e9rant du camping L'Arbre d'Or et pr\u00e9sident du SDHPA des Landes, je connais les Landes comme ma poche.\"}]}<\/script>\n<!-- \/ Yoast SEO plugin. -->","yoast_head_json":{"title":"Las Arenas de Dax: descubre un monumento emblem\u00e1tico de las Landas","description":"\u00bfTienes previsto un viaje a las Landas? Entre los monumentos imprescindibles del departamento, no te pierdas las arenas de Dax.","robots":{"index":"index","follow":"follow","max-snippet":"max-snippet:-1","max-image-preview":"max-image-preview:large","max-video-preview":"max-video-preview:-1"},"canonical":"https:\/\/www.arbre-dor.com\/es\/turismo-landas\/arenas-de-dax\/","og_locale":"es_ES","og_type":"article","og_title":"Las Arenas de Dax: descubre un monumento emblem\u00e1tico de las Landas","og_description":"\u00bfTienes previsto un viaje a las Landas? Entre los monumentos imprescindibles del departamento, no te pierdas las arenas de Dax.","og_url":"https:\/\/www.arbre-dor.com\/es\/turismo-landas\/arenas-de-dax\/","og_site_name":"Camping l&#039;Arbre d&#039;Or","article_published_time":"2023-11-17T11:02:58+00:00","article_modified_time":"2026-09-03T12:53:50+00:00","og_image":[{"width":800,"height":600,"url":"https:\/\/www.arbre-dor.com\/wp-content\/uploads\/2023\/11\/dax-monument.jpg","type":"image\/jpeg"}],"author":"Guillaume Gruat","twitter_card":"summary_large_image","twitter_misc":{"Escrito por":"Guillaume Gruat","Tiempo de lectura":"3 minutos"},"schema":{"@context":"https:\/\/schema.org","@graph":[{"@type":"Article","@id":"https:\/\/www.arbre-dor.com\/es\/turismo-landas\/arenas-de-dax\/#article","isPartOf":{"@id":"https:\/\/www.arbre-dor.com\/es\/turismo-landas\/arenas-de-dax\/"},"author":{"name":"Guillaume Gruat","@id":"https:\/\/www.arbre-dor.com\/es\/#\/schema\/person\/f1191dbb0bfea9e40ba6c36af0e314a0"},"headline":"Las Arenas de Dax","datePublished":"2023-11-17T11:02:58+00:00","dateModified":"2026-09-03T12:53:50+00:00","mainEntityOfPage":{"@id":"https:\/\/www.arbre-dor.com\/es\/turismo-landas\/arenas-de-dax\/"},"wordCount":535,"commentCount":0,"image":{"@id":"https:\/\/www.arbre-dor.com\/es\/turismo-landas\/arenas-de-dax\/#primaryimage"},"thumbnailUrl":"https:\/\/www.arbre-dor.com\/wp-content\/uploads\/2023\/11\/dax-monument.jpg","articleSection":["Turismo Landas"],"inLanguage":"es","potentialAction":[{"@type":"CommentAction","name":"Comment","target":["https:\/\/www.arbre-dor.com\/es\/turismo-landas\/arenas-de-dax\/#respond"]}]},{"@type":"WebPage","@id":"https:\/\/www.arbre-dor.com\/es\/turismo-landas\/arenas-de-dax\/","url":"https:\/\/www.arbre-dor.com\/es\/turismo-landas\/arenas-de-dax\/","name":"Las Arenas de Dax: descubre un monumento emblem\u00e1tico de las Landas","isPartOf":{"@id":"https:\/\/www.arbre-dor.com\/es\/#website"},"primaryImageOfPage":{"@id":"https:\/\/www.arbre-dor.com\/es\/turismo-landas\/arenas-de-dax\/#primaryimage"},"image":{"@id":"https:\/\/www.arbre-dor.com\/es\/turismo-landas\/arenas-de-dax\/#primaryimage"},"thumbnailUrl":"https:\/\/www.arbre-dor.com\/wp-content\/uploads\/2023\/11\/dax-monument.jpg","datePublished":"2023-11-17T11:02:58+00:00","dateModified":"2026-09-03T12:53:50+00:00","author":{"@id":"https:\/\/www.arbre-dor.com\/es\/#\/schema\/person\/f1191dbb0bfea9e40ba6c36af0e314a0"},"description":"\u00bfTienes previsto un viaje a las Landas? Entre los monumentos imprescindibles del departamento, no te pierdas las arenas de Dax.","breadcrumb":{"@id":"https:\/\/www.arbre-dor.com\/es\/turismo-landas\/arenas-de-dax\/#breadcrumb"},"inLanguage":"es","potentialAction":[{"@type":"ReadAction","target":["https:\/\/www.arbre-dor.com\/es\/turismo-landas\/arenas-de-dax\/"]}]},{"@type":"ImageObject","inLanguage":"es","@id":"https:\/\/www.arbre-dor.com\/es\/turismo-landas\/arenas-de-dax\/#primaryimage","url":"https:\/\/www.arbre-dor.com\/wp-content\/uploads\/2023\/11\/dax-monument.jpg","contentUrl":"https:\/\/www.arbre-dor.com\/wp-content\/uploads\/2023\/11\/dax-monument.jpg","width":800,"height":600},{"@type":"BreadcrumbList","@id":"https:\/\/www.arbre-dor.com\/es\/turismo-landas\/arenas-de-dax\/#breadcrumb","itemListElement":[{"@type":"ListItem","position":1,"name":"Camping Biscarrosse","item":"https:\/\/www.arbre-dor.com\/es\/"},{"@type":"ListItem","position":2,"name":"Turismo Landas","item":"https:\/\/www.arbre-dor.com\/es\/.\/turismo-landas\/"},{"@type":"ListItem","position":3,"name":"Las Arenas de Dax"}]},{"@type":"WebSite","@id":"https:\/\/www.arbre-dor.com\/es\/#website","url":"https:\/\/www.arbre-dor.com\/es\/","name":"Camping l&#039;Arbre d&#039;Or","description":"","potentialAction":[{"@type":"SearchAction","target":{"@type":"EntryPoint","urlTemplate":"https:\/\/www.arbre-dor.com\/es\/?s={search_term_string}"},"query-input":{"@type":"PropertyValueSpecification","valueRequired":true,"valueName":"search_term_string"}}],"inLanguage":"es"},{"@type":"Person","@id":"https:\/\/www.arbre-dor.com\/es\/#\/schema\/person\/f1191dbb0bfea9e40ba6c36af0e314a0","name":"Guillaume Gruat","image":{"@type":"ImageObject","inLanguage":"es","@id":"https:\/\/secure.gravatar.com\/avatar\/1513396c7ac8c82899917dad2e9fe7f1342b30b31f25d972a498d2fffdec2be0?s=96&d=mm&r=g","url":"https:\/\/secure.gravatar.com\/avatar\/1513396c7ac8c82899917dad2e9fe7f1342b30b31f25d972a498d2fffdec2be0?s=96&d=mm&r=g","contentUrl":"https:\/\/secure.gravatar.com\/avatar\/1513396c7ac8c82899917dad2e9fe7f1342b30b31f25d972a498d2fffdec2be0?s=96&d=mm&r=g","caption":"Guillaume Gruat"},"description":"G\u00e9rant du camping L'Arbre d'Or et pr\u00e9sident du SDHPA des Landes, je connais les Landes comme ma poche."}]}},"_links":{"self":[{"href":"https:\/\/www.arbre-dor.com\/es\/wp-json\/wp\/v2\/posts\/14261","targetHints":{"allow":["GET"]}}],"collection":[{"href":"https:\/\/www.arbre-dor.com\/es\/wp-json\/wp\/v2\/posts"}],"about":[{"href":"https:\/\/www.arbre-dor.com\/es\/wp-json\/wp\/v2\/types\/post"}],"author":[{"embeddable":true,"href":"https:\/\/www.arbre-dor.com\/es\/wp-json\/wp\/v2\/users\/4"}],"replies":[{"embeddable":true,"href":"https:\/\/www.arbre-dor.com\/es\/wp-json\/wp\/v2\/comments?post=14261"}],"version-history":[{"count":4,"href":"https:\/\/www.arbre-dor.com\/es\/wp-json\/wp\/v2\/posts\/14261\/revisions"}],"predecessor-version":[{"id":14439,"href":"https:\/\/www.arbre-dor.com\/es\/wp-json\/wp\/v2\/posts\/14261\/revisions\/14439"}],"wp:featuredmedia":[{"embeddable":true,"href":"https:\/\/www.arbre-dor.com\/es\/wp-json\/wp\/v2\/media\/6944"}],"wp:attachment":[{"href":"https:\/\/www.arbre-dor.com\/es\/wp-json\/wp\/v2\/media?parent=14261"}],"wp:term":[{"taxonomy":"category","embeddable":true,"href":"https:\/\/www.arbre-dor.com\/es\/wp-json\/wp\/v2\/categories?post=14261"},{"taxonomy":"post_tag","embeddable":true,"href":"https:\/\/www.arbre-dor.com\/es\/wp-json\/wp\/v2\/tags?post=14261"}],"curies":[{"name":"wp","href":"https:\/\/api.w.org\/{rel}","templated":true}]}}