{"id":14267,"date":"2023-09-21T13:42:18","date_gmt":"2023-09-21T13:42:18","guid":{"rendered":"https:\/\/www.arbre-dor.com\/?p=14267"},"modified":"2026-09-03T12:53:51","modified_gmt":"2026-09-03T12:53:51","slug":"paseo-florido-mimizan","status":"publish","type":"post","link":"https:\/\/www.arbre-dor.com\/es\/turismo-landas\/paseo-florido-mimizan\/","title":{"rendered":"El paseo florido de Mimizan"},"content":{"rendered":"<h2>El paseo florido de Mimizan, ubicaci\u00f3n y situaci\u00f3n geogr\u00e1fica<\/h2>\n<p>El punto de partida del Paseo Florido es la playa sur de Mimizan. Los senderistas podr\u00e1n admirar las dunas de arena que se alzan como murallas frente al oc\u00e9ano Atl\u00e1ntico.<br \/>\nDe la arena fina al bosque de pinos, el recorrido contin\u00faa para descubrir una flora rica y colorida con una gran variedad de espec\u00edmenes. Lo mismo ocurre con la fauna, con una incre\u00edble variedad de aves.<br \/>\nLos pinos dejan paso a los alcornoques, \u00e1rboles caracter\u00edsticos de las regiones del sur de Francia. Una cascada y un peque\u00f1o estanque completan este decorado natural y ofrecen a los visitantes un paisaje y un ecosistema \u00fanicos.<br \/>\nLos extensos bosques de vegetaci\u00f3n exuberante dan paso a una zona de marismas, refugio natural de multitud de especies vegetales y animales. Tortugas, ranas, lib\u00e9lulas y plantas acu\u00e1ticas: una larga lista de especies que solo esperan ser descubiertas.<br \/>\nEl paseo desemboca en Mimizan y su centro urbano, donde podr\u00e1 descubrir y disfrutar de la gastronom\u00eda local.<\/p>\n<h2>El inter\u00e9s de pasear por el paseo florido de Mimizan<\/h2>\n<p>El paseo florido de Mimizan ofrece multitud de ventajas para los senderistas y visitantes de la regi\u00f3n.<\/p>\n<h2>El paseo florido, una aut\u00e9ntica joya natural<\/h2>\n<p>El paseo florido de Mimizan permite descubrir una variedad de paisajes y ecosistemas. Dunas de arena, bosques de pinos y marismas conforman el men\u00fa de esta escapada en plena naturaleza. El paseo consiste en una sucesi\u00f3n de experiencias \u00fanicas, en inmersi\u00f3n total en una naturaleza salvaje y variada.<\/p>\n<h2>Un recorrido accesible para todos los senderistas<\/h2>\n<p>Este recorrido es perfecto para familias con ni\u00f1os y grupos de amigos. Se trata de un sendero se\u00f1alizado, f\u00e1cil de seguir y accesible para senderistas de todos los niveles. Ya sea principiante o experimentado, encontrar\u00e1 un reto a la altura de sus posibilidades. Es, por tanto, una excursi\u00f3n ideal incluso para quienes no est\u00e1n acostumbrados a caminar. Algunas zonas, como las marismas o las subidas y bajadas por el bosque, requieren un m\u00ednimo de experiencia.<\/p>\n<h2>Una ocasi\u00f3n para observar la fauna y la flora locales<\/h2>\n<p>Durante su paseo, tendr\u00e1 un lugar privilegiado para observar una gran variedad de aves, plantas e insectos. Atravesar\u00e1 varios ecosistemas, cada uno con su propia diversidad animal y vegetal. Multitud de especies pueblan los alrededores y podr\u00e1 observarlas de cerca.<br \/>\nSituado a menos de 30 kil\u00f3metros de distancia, el <a href=\"https:\/\/www.arbre-dor.com\/es\/camping-mimizan\/\">camping cerca de Mimizan<\/a>, L&#8217;Arbre d&#8217;Or, le propone descubrir este sendero y recorrerlo usted mismo. Se trata de un paseo magn\u00edfico y de un lugar de desconexi\u00f3n total, que ofrece placer y relajaci\u00f3n.<\/p>\n","protected":false},"excerpt":{"rendered":"<p>El paseo florido de Mimizan, ubicaci\u00f3n y situaci\u00f3n geogr\u00e1fica El punto de partida del Paseo Florido es la playa sur de Mimizan. Los senderistas podr\u00e1n admirar las dunas de arena que se alzan como murallas frente al oc\u00e9ano Atl\u00e1ntico. De la arena fina al bosque de pinos, el recorrido contin\u00faa para descubrir una flora rica [&hellip;]<\/p>\n","protected":false},"author":4,"featured_media":4195,"comment_status":"open","ping_status":"closed","sticky":false,"template":"","format":"standard","meta":{"_acf_changed":false,"_et_pb_use_builder":"","_et_pb_old_content":"","_et_gb_content_width":"","inline_featured_image":false,"footnotes":""},"categories":[81],"tags":[44,44],"class_list":["post-14267","post","type-post","status-publish","format-standard","has-post-thumbnail","category-turismo-landas","tag-visitar-descubrir"],"acf":{"essentiel_a_retenir":null,"faq":null,"sources":null,"sources_verifie_le":null,"cta_bas_de_page":{"titre":"Un respiro de naturaleza antes del lago","texte":"Tras recorrer el Paseo Florido de Mimizan, el camping L'Arbre d'Or le espera en Parentis-en-Born para disfrutar del lago de Biscarrosse. Parcelas con sombra y mobil-homes para prolongar el descanso tras la caminata."}},"yoast_head":"<!-- This site is optimized with the Yoast SEO plugin v28.4 - https:\/\/yoast.com\/product\/yoast-seo-wordpress\/ -->\n<title>El paseo florido de Mimizan: descubra esta joya natural<\/title>\n<meta name=\"description\" content=\"\u00bfLe apetece reconectar con la naturaleza? Descubra el paseo florido de Mimizan, una joya natural que merece totalmente la pena. Le espera una experiencia inolvidable en un entorno bello y tranquilo.\" \/>\n<meta name=\"robots\" content=\"index, follow, max-snippet:-1, max-image-preview:large, max-video-preview:-1\" \/>\n<link rel=\"canonical\" href=\"https:\/\/www.arbre-dor.com\/es\/turismo-landas\/paseo-florido-mimizan\/\" \/>\n<meta property=\"og:locale\" content=\"es_ES\" \/>\n<meta property=\"og:type\" content=\"article\" \/>\n<meta property=\"og:title\" content=\"El paseo florido de Mimizan: descubra esta joya natural\" \/>\n<meta property=\"og:description\" content=\"\u00bfLe apetece reconectar con la naturaleza? Descubra el paseo florido de Mimizan, una joya natural que merece totalmente la pena. Le espera una experiencia inolvidable en un entorno bello y tranquilo.\" \/>\n<meta property=\"og:url\" content=\"https:\/\/www.arbre-dor.com\/es\/turismo-landas\/paseo-florido-mimizan\/\" \/>\n<meta property=\"og:site_name\" content=\"Camping l&#039;Arbre d&#039;Or\" \/>\n<meta property=\"article:published_time\" content=\"2023-09-21T13:42:18+00:00\" \/>\n<meta property=\"article:modified_time\" content=\"2026-09-03T12:53:51+00:00\" \/>\n<meta property=\"og:image\" content=\"https:\/\/www.arbre-dor.com\/wp-content\/uploads\/2023\/09\/promenade-fleurie-mimizan.jpg\" \/>\n\t<meta property=\"og:image:width\" content=\"2050\" \/>\n\t<meta property=\"og:image:height\" content=\"967\" \/>\n\t<meta property=\"og:image:type\" content=\"image\/jpeg\" \/>\n<meta name=\"author\" content=\"Guillaume Gruat\" \/>\n<meta name=\"twitter:card\" content=\"summary_large_image\" \/>\n<meta name=\"twitter:label1\" content=\"Escrito por\" \/>\n\t<meta name=\"twitter:data1\" content=\"Guillaume Gruat\" \/>\n\t<meta name=\"twitter:label2\" content=\"Tiempo de lectura\" \/>\n\t<meta name=\"twitter:data2\" content=\"2 minutos\" \/>\n<script type=\"application\/ld+json\" class=\"yoast-schema-graph\">{\"@context\":\"https:\\\/\\\/schema.org\",\"@graph\":[{\"@type\":\"Article\",\"@id\":\"https:\\\/\\\/www.arbre-dor.com\\\/es\\\/turismo-landas\\\/paseo-florido-mimizan\\\/#article\",\"isPartOf\":{\"@id\":\"https:\\\/\\\/www.arbre-dor.com\\\/es\\\/turismo-landas\\\/paseo-florido-mimizan\\\/\"},\"author\":{\"name\":\"Guillaume Gruat\",\"@id\":\"https:\\\/\\\/www.arbre-dor.com\\\/es\\\/#\\\/schema\\\/person\\\/f1191dbb0bfea9e40ba6c36af0e314a0\"},\"headline\":\"El paseo florido de Mimizan\",\"datePublished\":\"2023-09-21T13:42:18+00:00\",\"dateModified\":\"2026-09-03T12:53:51+00:00\",\"mainEntityOfPage\":{\"@id\":\"https:\\\/\\\/www.arbre-dor.com\\\/es\\\/turismo-landas\\\/paseo-florido-mimizan\\\/\"},\"wordCount\":461,\"commentCount\":0,\"image\":{\"@id\":\"https:\\\/\\\/www.arbre-dor.com\\\/es\\\/turismo-landas\\\/paseo-florido-mimizan\\\/#primaryimage\"},\"thumbnailUrl\":\"https:\\\/\\\/www.arbre-dor.com\\\/wp-content\\\/uploads\\\/2023\\\/09\\\/promenade-fleurie-mimizan.jpg\",\"keywords\":[\"Visitar \\\/ descubrir\",\"Visitar \\\/ descubrir\"],\"articleSection\":[\"Turismo Landas\"],\"inLanguage\":\"es\",\"potentialAction\":[{\"@type\":\"CommentAction\",\"name\":\"Comment\",\"target\":[\"https:\\\/\\\/www.arbre-dor.com\\\/es\\\/turismo-landas\\\/paseo-florido-mimizan\\\/#respond\"]}]},{\"@type\":\"WebPage\",\"@id\":\"https:\\\/\\\/www.arbre-dor.com\\\/es\\\/turismo-landas\\\/paseo-florido-mimizan\\\/\",\"url\":\"https:\\\/\\\/www.arbre-dor.com\\\/es\\\/turismo-landas\\\/paseo-florido-mimizan\\\/\",\"name\":\"El paseo florido de Mimizan: descubra esta joya natural\",\"isPartOf\":{\"@id\":\"https:\\\/\\\/www.arbre-dor.com\\\/es\\\/#website\"},\"primaryImageOfPage\":{\"@id\":\"https:\\\/\\\/www.arbre-dor.com\\\/es\\\/turismo-landas\\\/paseo-florido-mimizan\\\/#primaryimage\"},\"image\":{\"@id\":\"https:\\\/\\\/www.arbre-dor.com\\\/es\\\/turismo-landas\\\/paseo-florido-mimizan\\\/#primaryimage\"},\"thumbnailUrl\":\"https:\\\/\\\/www.arbre-dor.com\\\/wp-content\\\/uploads\\\/2023\\\/09\\\/promenade-fleurie-mimizan.jpg\",\"datePublished\":\"2023-09-21T13:42:18+00:00\",\"dateModified\":\"2026-09-03T12:53:51+00:00\",\"author\":{\"@id\":\"https:\\\/\\\/www.arbre-dor.com\\\/es\\\/#\\\/schema\\\/person\\\/f1191dbb0bfea9e40ba6c36af0e314a0\"},\"description\":\"\u00bfLe apetece reconectar con la naturaleza? Descubra el paseo florido de Mimizan, una joya natural que merece totalmente la pena. Le espera una experiencia inolvidable en un entorno bello y tranquilo.\",\"breadcrumb\":{\"@id\":\"https:\\\/\\\/www.arbre-dor.com\\\/es\\\/turismo-landas\\\/paseo-florido-mimizan\\\/#breadcrumb\"},\"inLanguage\":\"es\",\"potentialAction\":[{\"@type\":\"ReadAction\",\"target\":[\"https:\\\/\\\/www.arbre-dor.com\\\/es\\\/turismo-landas\\\/paseo-florido-mimizan\\\/\"]}]},{\"@type\":\"ImageObject\",\"inLanguage\":\"es\",\"@id\":\"https:\\\/\\\/www.arbre-dor.com\\\/es\\\/turismo-landas\\\/paseo-florido-mimizan\\\/#primaryimage\",\"url\":\"https:\\\/\\\/www.arbre-dor.com\\\/wp-content\\\/uploads\\\/2023\\\/09\\\/promenade-fleurie-mimizan.jpg\",\"contentUrl\":\"https:\\\/\\\/www.arbre-dor.com\\\/wp-content\\\/uploads\\\/2023\\\/09\\\/promenade-fleurie-mimizan.jpg\",\"width\":2050,\"height\":967,\"caption\":\"Promenade Fleurie Mimizan\"},{\"@type\":\"BreadcrumbList\",\"@id\":\"https:\\\/\\\/www.arbre-dor.com\\\/es\\\/turismo-landas\\\/paseo-florido-mimizan\\\/#breadcrumb\",\"itemListElement\":[{\"@type\":\"ListItem\",\"position\":1,\"name\":\"Camping Biscarrosse\",\"item\":\"https:\\\/\\\/www.arbre-dor.com\\\/es\\\/\"},{\"@type\":\"ListItem\",\"position\":2,\"name\":\"Turismo Landas\",\"item\":\"https:\\\/\\\/www.arbre-dor.com\\\/es\\\/.\\\/turismo-landas\\\/\"},{\"@type\":\"ListItem\",\"position\":3,\"name\":\"El paseo florido de Mimizan\"}]},{\"@type\":\"WebSite\",\"@id\":\"https:\\\/\\\/www.arbre-dor.com\\\/es\\\/#website\",\"url\":\"https:\\\/\\\/www.arbre-dor.com\\\/es\\\/\",\"name\":\"Camping l&#039;Arbre d&#039;Or\",\"description\":\"\",\"potentialAction\":[{\"@type\":\"SearchAction\",\"target\":{\"@type\":\"EntryPoint\",\"urlTemplate\":\"https:\\\/\\\/www.arbre-dor.com\\\/es\\\/?s={search_term_string}\"},\"query-input\":{\"@type\":\"PropertyValueSpecification\",\"valueRequired\":true,\"valueName\":\"search_term_string\"}}],\"inLanguage\":\"es\"},{\"@type\":\"Person\",\"@id\":\"https:\\\/\\\/www.arbre-dor.com\\\/es\\\/#\\\/schema\\\/person\\\/f1191dbb0bfea9e40ba6c36af0e314a0\",\"name\":\"Guillaume Gruat\",\"image\":{\"@type\":\"ImageObject\",\"inLanguage\":\"es\",\"@id\":\"https:\\\/\\\/secure.gravatar.com\\\/avatar\\\/1513396c7ac8c82899917dad2e9fe7f1342b30b31f25d972a498d2fffdec2be0?s=96&d=mm&r=g\",\"url\":\"https:\\\/\\\/secure.gravatar.com\\\/avatar\\\/1513396c7ac8c82899917dad2e9fe7f1342b30b31f25d972a498d2fffdec2be0?s=96&d=mm&r=g\",\"contentUrl\":\"https:\\\/\\\/secure.gravatar.com\\\/avatar\\\/1513396c7ac8c82899917dad2e9fe7f1342b30b31f25d972a498d2fffdec2be0?s=96&d=mm&r=g\",\"caption\":\"Guillaume Gruat\"},\"description\":\"G\u00e9rant du camping L'Arbre d'Or et pr\u00e9sident du SDHPA des Landes, je connais les Landes comme ma poche.\"}]}<\/script>\n<!-- \/ Yoast SEO plugin. -->","yoast_head_json":{"title":"El paseo florido de Mimizan: descubra esta joya natural","description":"\u00bfLe apetece reconectar con la naturaleza? Descubra el paseo florido de Mimizan, una joya natural que merece totalmente la pena. Le espera una experiencia inolvidable en un entorno bello y tranquilo.","robots":{"index":"index","follow":"follow","max-snippet":"max-snippet:-1","max-image-preview":"max-image-preview:large","max-video-preview":"max-video-preview:-1"},"canonical":"https:\/\/www.arbre-dor.com\/es\/turismo-landas\/paseo-florido-mimizan\/","og_locale":"es_ES","og_type":"article","og_title":"El paseo florido de Mimizan: descubra esta joya natural","og_description":"\u00bfLe apetece reconectar con la naturaleza? Descubra el paseo florido de Mimizan, una joya natural que merece totalmente la pena. Le espera una experiencia inolvidable en un entorno bello y tranquilo.","og_url":"https:\/\/www.arbre-dor.com\/es\/turismo-landas\/paseo-florido-mimizan\/","og_site_name":"Camping l&#039;Arbre d&#039;Or","article_published_time":"2023-09-21T13:42:18+00:00","article_modified_time":"2026-09-03T12:53:51+00:00","og_image":[{"width":2050,"height":967,"url":"https:\/\/www.arbre-dor.com\/wp-content\/uploads\/2023\/09\/promenade-fleurie-mimizan.jpg","type":"image\/jpeg"}],"author":"Guillaume Gruat","twitter_card":"summary_large_image","twitter_misc":{"Escrito por":"Guillaume Gruat","Tiempo de lectura":"2 minutos"},"schema":{"@context":"https:\/\/schema.org","@graph":[{"@type":"Article","@id":"https:\/\/www.arbre-dor.com\/es\/turismo-landas\/paseo-florido-mimizan\/#article","isPartOf":{"@id":"https:\/\/www.arbre-dor.com\/es\/turismo-landas\/paseo-florido-mimizan\/"},"author":{"name":"Guillaume Gruat","@id":"https:\/\/www.arbre-dor.com\/es\/#\/schema\/person\/f1191dbb0bfea9e40ba6c36af0e314a0"},"headline":"El paseo florido de Mimizan","datePublished":"2023-09-21T13:42:18+00:00","dateModified":"2026-09-03T12:53:51+00:00","mainEntityOfPage":{"@id":"https:\/\/www.arbre-dor.com\/es\/turismo-landas\/paseo-florido-mimizan\/"},"wordCount":461,"commentCount":0,"image":{"@id":"https:\/\/www.arbre-dor.com\/es\/turismo-landas\/paseo-florido-mimizan\/#primaryimage"},"thumbnailUrl":"https:\/\/www.arbre-dor.com\/wp-content\/uploads\/2023\/09\/promenade-fleurie-mimizan.jpg","keywords":["Visitar \/ descubrir","Visitar \/ descubrir"],"articleSection":["Turismo Landas"],"inLanguage":"es","potentialAction":[{"@type":"CommentAction","name":"Comment","target":["https:\/\/www.arbre-dor.com\/es\/turismo-landas\/paseo-florido-mimizan\/#respond"]}]},{"@type":"WebPage","@id":"https:\/\/www.arbre-dor.com\/es\/turismo-landas\/paseo-florido-mimizan\/","url":"https:\/\/www.arbre-dor.com\/es\/turismo-landas\/paseo-florido-mimizan\/","name":"El paseo florido de Mimizan: descubra esta joya natural","isPartOf":{"@id":"https:\/\/www.arbre-dor.com\/es\/#website"},"primaryImageOfPage":{"@id":"https:\/\/www.arbre-dor.com\/es\/turismo-landas\/paseo-florido-mimizan\/#primaryimage"},"image":{"@id":"https:\/\/www.arbre-dor.com\/es\/turismo-landas\/paseo-florido-mimizan\/#primaryimage"},"thumbnailUrl":"https:\/\/www.arbre-dor.com\/wp-content\/uploads\/2023\/09\/promenade-fleurie-mimizan.jpg","datePublished":"2023-09-21T13:42:18+00:00","dateModified":"2026-09-03T12:53:51+00:00","author":{"@id":"https:\/\/www.arbre-dor.com\/es\/#\/schema\/person\/f1191dbb0bfea9e40ba6c36af0e314a0"},"description":"\u00bfLe apetece reconectar con la naturaleza? Descubra el paseo florido de Mimizan, una joya natural que merece totalmente la pena. Le espera una experiencia inolvidable en un entorno bello y tranquilo.","breadcrumb":{"@id":"https:\/\/www.arbre-dor.com\/es\/turismo-landas\/paseo-florido-mimizan\/#breadcrumb"},"inLanguage":"es","potentialAction":[{"@type":"ReadAction","target":["https:\/\/www.arbre-dor.com\/es\/turismo-landas\/paseo-florido-mimizan\/"]}]},{"@type":"ImageObject","inLanguage":"es","@id":"https:\/\/www.arbre-dor.com\/es\/turismo-landas\/paseo-florido-mimizan\/#primaryimage","url":"https:\/\/www.arbre-dor.com\/wp-content\/uploads\/2023\/09\/promenade-fleurie-mimizan.jpg","contentUrl":"https:\/\/www.arbre-dor.com\/wp-content\/uploads\/2023\/09\/promenade-fleurie-mimizan.jpg","width":2050,"height":967,"caption":"Promenade Fleurie Mimizan"},{"@type":"BreadcrumbList","@id":"https:\/\/www.arbre-dor.com\/es\/turismo-landas\/paseo-florido-mimizan\/#breadcrumb","itemListElement":[{"@type":"ListItem","position":1,"name":"Camping Biscarrosse","item":"https:\/\/www.arbre-dor.com\/es\/"},{"@type":"ListItem","position":2,"name":"Turismo Landas","item":"https:\/\/www.arbre-dor.com\/es\/.\/turismo-landas\/"},{"@type":"ListItem","position":3,"name":"El paseo florido de Mimizan"}]},{"@type":"WebSite","@id":"https:\/\/www.arbre-dor.com\/es\/#website","url":"https:\/\/www.arbre-dor.com\/es\/","name":"Camping l&#039;Arbre d&#039;Or","description":"","potentialAction":[{"@type":"SearchAction","target":{"@type":"EntryPoint","urlTemplate":"https:\/\/www.arbre-dor.com\/es\/?s={search_term_string}"},"query-input":{"@type":"PropertyValueSpecification","valueRequired":true,"valueName":"search_term_string"}}],"inLanguage":"es"},{"@type":"Person","@id":"https:\/\/www.arbre-dor.com\/es\/#\/schema\/person\/f1191dbb0bfea9e40ba6c36af0e314a0","name":"Guillaume Gruat","image":{"@type":"ImageObject","inLanguage":"es","@id":"https:\/\/secure.gravatar.com\/avatar\/1513396c7ac8c82899917dad2e9fe7f1342b30b31f25d972a498d2fffdec2be0?s=96&d=mm&r=g","url":"https:\/\/secure.gravatar.com\/avatar\/1513396c7ac8c82899917dad2e9fe7f1342b30b31f25d972a498d2fffdec2be0?s=96&d=mm&r=g","contentUrl":"https:\/\/secure.gravatar.com\/avatar\/1513396c7ac8c82899917dad2e9fe7f1342b30b31f25d972a498d2fffdec2be0?s=96&d=mm&r=g","caption":"Guillaume Gruat"},"description":"G\u00e9rant du camping L'Arbre d'Or et pr\u00e9sident du SDHPA des Landes, je connais les Landes comme ma poche."}]}},"_links":{"self":[{"href":"https:\/\/www.arbre-dor.com\/es\/wp-json\/wp\/v2\/posts\/14267","targetHints":{"allow":["GET"]}}],"collection":[{"href":"https:\/\/www.arbre-dor.com\/es\/wp-json\/wp\/v2\/posts"}],"about":[{"href":"https:\/\/www.arbre-dor.com\/es\/wp-json\/wp\/v2\/types\/post"}],"author":[{"embeddable":true,"href":"https:\/\/www.arbre-dor.com\/es\/wp-json\/wp\/v2\/users\/4"}],"replies":[{"embeddable":true,"href":"https:\/\/www.arbre-dor.com\/es\/wp-json\/wp\/v2\/comments?post=14267"}],"version-history":[{"count":2,"href":"https:\/\/www.arbre-dor.com\/es\/wp-json\/wp\/v2\/posts\/14267\/revisions"}],"predecessor-version":[{"id":14395,"href":"https:\/\/www.arbre-dor.com\/es\/wp-json\/wp\/v2\/posts\/14267\/revisions\/14395"}],"wp:featuredmedia":[{"embeddable":true,"href":"https:\/\/www.arbre-dor.com\/es\/wp-json\/wp\/v2\/media\/4195"}],"wp:attachment":[{"href":"https:\/\/www.arbre-dor.com\/es\/wp-json\/wp\/v2\/media?parent=14267"}],"wp:term":[{"taxonomy":"category","embeddable":true,"href":"https:\/\/www.arbre-dor.com\/es\/wp-json\/wp\/v2\/categories?post=14267"},{"taxonomy":"post_tag","embeddable":true,"href":"https:\/\/www.arbre-dor.com\/es\/wp-json\/wp\/v2\/tags?post=14267"}],"curies":[{"name":"wp","href":"https:\/\/api.w.org\/{rel}","templated":true}]}}