{"id":14273,"date":"2023-09-21T13:18:10","date_gmt":"2023-09-21T13:18:10","guid":{"rendered":"https:\/\/www.arbre-dor.com\/?p=14273"},"modified":"2026-09-03T12:53:53","modified_gmt":"2026-09-03T12:53:53","slug":"estancia-invierno-landas","status":"publish","type":"post","link":"https:\/\/www.arbre-dor.com\/es\/turismo-landas\/estancia-invierno-landas\/","title":{"rendered":"Estancia de invierno en las Landas"},"content":{"rendered":"<h2>La naturaleza y el ambiente tranquilo de las Landas en invierno<\/h2>\n<p>Una vez pasado el verano, la luz de las Landas cambia. La regi\u00f3n se muestra entonces de una manera distinta. Lejos del bullicio de la masa de turistas, el ambiente sonoro tambi\u00e9n es tranquilo y relajante. En cuanto a las temperaturas, nunca son demasiado fr\u00edas; incluso pueden resultar especialmente suaves en invierno. Todo ello crea una atm\u00f3sfera apacible y muy agradable que invita a salir y descubrir la naturaleza del entorno. Aqu\u00ed, esta \u00faltima se conserva en estado puro.<br \/>\nEn efecto, durante su estancia landesa podr\u00e1 explorar diversos paisajes magn\u00edficos. Podr\u00e1 instalarse junto a las hermosas playas de Le Vivier, Navarrosse\u2026 Pero tambi\u00e9n deber\u00eda acercarse a descubrir el Parque Natural Regional de las Landas. En pleno invierno, su bosque desprende un ambiente casi m\u00e1gico. Tambi\u00e9n merece mucho la pena la Reserva Natural Nacional de Arjuzanx. Le encantar\u00e1 observar la invernada de las grullas comunes y admirar un n\u00famero impresionante de otras especies ornitol\u00f3gicas.<br \/>\nAdem\u00e1s, le recomendamos visitar los estanques Noir y Blanc, las Barthes del Adour y el Leyre, ese hermoso r\u00edo tan tranquilo e \u00edntimo.<\/p>\n<h2>Los alojamientos y las ofertas promocionales en temporada baja<\/h2>\n<p>Primero conviene saber que los alojamientos de esta regi\u00f3n de Francia son muy atractivos. De hecho, un <a href=\"\/\">camping en las Landas<\/a> en Biscarrosse como L&#8217;Arbre d&#8217;Or cuenta con 4 estrellas y ofrece prestaciones dignas de un hotel. Podr\u00e1 disfrutar de una piscina exterior climatizada y de otra al aire libre, adem\u00e1s de acceder a un espacio de bienestar cuyo jacuzzi le encantar\u00e1.<br \/>\nAdem\u00e1s, si bien muchos alojamientos de este tipo cierran en invierno debido a que los vacacionistas abandonan la zona al final del verano, otros optan por otra estrategia: dar a conocer las riquezas ocultas de las Landas durante la temporada invernal. Para ello, los propietarios de los establecimientos bajan sus precios. As\u00ed que no dude en aprovechar esta buena oportunidad, en pareja, en familia o entre amigos, para su pr\u00f3xima escapada de invierno.<\/p>\n<h2>Actividades que se adaptan a la temporada<\/h2>\n<p>Pasar las vacaciones en las Landas en invierno es tambi\u00e9n la ocasi\u00f3n de preparar un magn\u00edfico programa repleto de actividades deportivas, relajantes o gastron\u00f3micas.<br \/>\nLos paseos por el bosque land\u00e9s pueden ser una excelente alternativa. Disfrutar\u00e1 de las excursiones por este macizo forestal artificial, sea cual sea su nivel. Los m\u00e1s resistentes al fr\u00edo podr\u00e1n practicar surf en las playas. Pero tambi\u00e9n podr\u00e1 probar otro deporte n\u00e1utico, cada vez m\u00e1s de moda y algo menos refrescante: el carro de vela, que atrae a cada vez m\u00e1s aficionados de todas las edades.<br \/>\nDespu\u00e9s de estas actividades, puede resultar especialmente agradable relajarse en uno de los centros termales de la regi\u00f3n. Son muy numerosos y no se arrepentir\u00e1 de los momentos de bienestar que vivir\u00e1 all\u00ed. Por \u00faltimo, si es usted un buen gourmet, disfrute de las ostras de los restaurantes del lago de Hossegor o del excelente foie gras, los confits y las aiguillettes que se compran en los Mercados del Foie Gras. Los encontrar\u00e1 en distintas localidades; el de Dax, por ejemplo, se celebra los mi\u00e9rcoles en el Carreau des Halles.<\/p>\n","protected":false},"excerpt":{"rendered":"<p>La naturaleza y el ambiente tranquilo de las Landas en invierno Una vez pasado el verano, la luz de las Landas cambia. La regi\u00f3n se muestra entonces de una manera distinta. Lejos del bullicio de la masa de turistas, el ambiente sonoro tambi\u00e9n es tranquilo y relajante. En cuanto a las temperaturas, nunca son demasiado [&hellip;]<\/p>\n","protected":false},"author":4,"featured_media":4141,"comment_status":"open","ping_status":"closed","sticky":false,"template":"","format":"standard","meta":{"_acf_changed":false,"_et_pb_use_builder":"","_et_pb_old_content":"","_et_gb_content_width":"","inline_featured_image":false,"footnotes":""},"categories":[81],"tags":[],"class_list":["post-14273","post","type-post","status-publish","format-standard","has-post-thumbnail","category-turismo-landas"],"acf":{"essentiel_a_retenir":null,"faq":null,"sources":null,"sources_verifie_le":null,"cta_bas_de_page":{"titre":"\u00bfCon ganas de volver en temporada alta?","texte":"El camping L'Arbre d'Or le recibe de abril a octubre en Parentis-en-Born, a orillas del lago de Biscarrosse. Aproveche el invierno para descubrir la regi\u00f3n y reserve ya su estancia con sombra para la pr\u00f3xima temporada."}},"yoast_head":"<!-- This site is optimized with the Yoast SEO plugin v28.4 - https:\/\/yoast.com\/product\/yoast-seo-wordpress\/ -->\n<title>\u00bfPor qu\u00e9 pasar el invierno en las Landas? Nuestros consejos<\/title>\n<meta name=\"description\" content=\"Descubra, en nuestra gu\u00eda de vacaciones, las buenas razones para visitar las Landas en invierno: naturaleza, entorno, alojamientos, ofertas promocionales, senderismo, surf, carro de vela, restaurantes...\" \/>\n<meta name=\"robots\" content=\"index, follow, max-snippet:-1, max-image-preview:large, max-video-preview:-1\" \/>\n<link rel=\"canonical\" href=\"https:\/\/www.arbre-dor.com\/es\/turismo-landas\/estancia-invierno-landas\/\" \/>\n<meta property=\"og:locale\" content=\"es_ES\" \/>\n<meta property=\"og:type\" content=\"article\" \/>\n<meta property=\"og:title\" content=\"\u00bfPor qu\u00e9 pasar el invierno en las Landas? Nuestros consejos\" \/>\n<meta property=\"og:description\" content=\"Descubra, en nuestra gu\u00eda de vacaciones, las buenas razones para visitar las Landas en invierno: naturaleza, entorno, alojamientos, ofertas promocionales, senderismo, surf, carro de vela, restaurantes...\" \/>\n<meta property=\"og:url\" content=\"https:\/\/www.arbre-dor.com\/es\/turismo-landas\/estancia-invierno-landas\/\" \/>\n<meta property=\"og:site_name\" content=\"Camping l&#039;Arbre d&#039;Or\" \/>\n<meta property=\"article:published_time\" content=\"2023-09-21T13:18:10+00:00\" \/>\n<meta property=\"article:modified_time\" content=\"2026-09-03T12:53:53+00:00\" \/>\n<meta property=\"og:image\" content=\"https:\/\/www.arbre-dor.com\/wp-content\/uploads\/2023\/09\/Landes-en-hiver.jpg\" \/>\n\t<meta property=\"og:image:width\" content=\"2050\" \/>\n\t<meta property=\"og:image:height\" content=\"1025\" \/>\n\t<meta property=\"og:image:type\" content=\"image\/jpeg\" \/>\n<meta name=\"author\" content=\"Guillaume Gruat\" \/>\n<meta name=\"twitter:card\" content=\"summary_large_image\" \/>\n<meta name=\"twitter:label1\" content=\"Escrito por\" \/>\n\t<meta name=\"twitter:data1\" content=\"Guillaume Gruat\" \/>\n\t<meta name=\"twitter:label2\" content=\"Tiempo de lectura\" \/>\n\t<meta name=\"twitter:data2\" content=\"3 minutos\" \/>\n<script type=\"application\/ld+json\" class=\"yoast-schema-graph\">{\"@context\":\"https:\\\/\\\/schema.org\",\"@graph\":[{\"@type\":\"Article\",\"@id\":\"https:\\\/\\\/www.arbre-dor.com\\\/es\\\/turismo-landas\\\/estancia-invierno-landas\\\/#article\",\"isPartOf\":{\"@id\":\"https:\\\/\\\/www.arbre-dor.com\\\/es\\\/turismo-landas\\\/estancia-invierno-landas\\\/\"},\"author\":{\"name\":\"Guillaume Gruat\",\"@id\":\"https:\\\/\\\/www.arbre-dor.com\\\/es\\\/#\\\/schema\\\/person\\\/f1191dbb0bfea9e40ba6c36af0e314a0\"},\"headline\":\"Estancia de invierno en las Landas\",\"datePublished\":\"2023-09-21T13:18:10+00:00\",\"dateModified\":\"2026-09-03T12:53:53+00:00\",\"mainEntityOfPage\":{\"@id\":\"https:\\\/\\\/www.arbre-dor.com\\\/es\\\/turismo-landas\\\/estancia-invierno-landas\\\/\"},\"wordCount\":558,\"commentCount\":0,\"image\":{\"@id\":\"https:\\\/\\\/www.arbre-dor.com\\\/es\\\/turismo-landas\\\/estancia-invierno-landas\\\/#primaryimage\"},\"thumbnailUrl\":\"https:\\\/\\\/www.arbre-dor.com\\\/wp-content\\\/uploads\\\/2023\\\/09\\\/Landes-en-hiver.jpg\",\"articleSection\":[\"Turismo Landas\"],\"inLanguage\":\"es\",\"potentialAction\":[{\"@type\":\"CommentAction\",\"name\":\"Comment\",\"target\":[\"https:\\\/\\\/www.arbre-dor.com\\\/es\\\/turismo-landas\\\/estancia-invierno-landas\\\/#respond\"]}]},{\"@type\":\"WebPage\",\"@id\":\"https:\\\/\\\/www.arbre-dor.com\\\/es\\\/turismo-landas\\\/estancia-invierno-landas\\\/\",\"url\":\"https:\\\/\\\/www.arbre-dor.com\\\/es\\\/turismo-landas\\\/estancia-invierno-landas\\\/\",\"name\":\"\u00bfPor qu\u00e9 pasar el invierno en las Landas? Nuestros consejos\",\"isPartOf\":{\"@id\":\"https:\\\/\\\/www.arbre-dor.com\\\/es\\\/#website\"},\"primaryImageOfPage\":{\"@id\":\"https:\\\/\\\/www.arbre-dor.com\\\/es\\\/turismo-landas\\\/estancia-invierno-landas\\\/#primaryimage\"},\"image\":{\"@id\":\"https:\\\/\\\/www.arbre-dor.com\\\/es\\\/turismo-landas\\\/estancia-invierno-landas\\\/#primaryimage\"},\"thumbnailUrl\":\"https:\\\/\\\/www.arbre-dor.com\\\/wp-content\\\/uploads\\\/2023\\\/09\\\/Landes-en-hiver.jpg\",\"datePublished\":\"2023-09-21T13:18:10+00:00\",\"dateModified\":\"2026-09-03T12:53:53+00:00\",\"author\":{\"@id\":\"https:\\\/\\\/www.arbre-dor.com\\\/es\\\/#\\\/schema\\\/person\\\/f1191dbb0bfea9e40ba6c36af0e314a0\"},\"description\":\"Descubra, en nuestra gu\u00eda de vacaciones, las buenas razones para visitar las Landas en invierno: naturaleza, entorno, alojamientos, ofertas promocionales, senderismo, surf, carro de vela, restaurantes...\",\"breadcrumb\":{\"@id\":\"https:\\\/\\\/www.arbre-dor.com\\\/es\\\/turismo-landas\\\/estancia-invierno-landas\\\/#breadcrumb\"},\"inLanguage\":\"es\",\"potentialAction\":[{\"@type\":\"ReadAction\",\"target\":[\"https:\\\/\\\/www.arbre-dor.com\\\/es\\\/turismo-landas\\\/estancia-invierno-landas\\\/\"]}]},{\"@type\":\"ImageObject\",\"inLanguage\":\"es\",\"@id\":\"https:\\\/\\\/www.arbre-dor.com\\\/es\\\/turismo-landas\\\/estancia-invierno-landas\\\/#primaryimage\",\"url\":\"https:\\\/\\\/www.arbre-dor.com\\\/wp-content\\\/uploads\\\/2023\\\/09\\\/Landes-en-hiver.jpg\",\"contentUrl\":\"https:\\\/\\\/www.arbre-dor.com\\\/wp-content\\\/uploads\\\/2023\\\/09\\\/Landes-en-hiver.jpg\",\"width\":2050,\"height\":1025,\"caption\":\"Landes En Hiver\"},{\"@type\":\"BreadcrumbList\",\"@id\":\"https:\\\/\\\/www.arbre-dor.com\\\/es\\\/turismo-landas\\\/estancia-invierno-landas\\\/#breadcrumb\",\"itemListElement\":[{\"@type\":\"ListItem\",\"position\":1,\"name\":\"Camping Biscarrosse\",\"item\":\"https:\\\/\\\/www.arbre-dor.com\\\/es\\\/\"},{\"@type\":\"ListItem\",\"position\":2,\"name\":\"Turismo Landas\",\"item\":\"https:\\\/\\\/www.arbre-dor.com\\\/es\\\/.\\\/turismo-landas\\\/\"},{\"@type\":\"ListItem\",\"position\":3,\"name\":\"Estancia de invierno en las Landas\"}]},{\"@type\":\"WebSite\",\"@id\":\"https:\\\/\\\/www.arbre-dor.com\\\/es\\\/#website\",\"url\":\"https:\\\/\\\/www.arbre-dor.com\\\/es\\\/\",\"name\":\"Camping l&#039;Arbre d&#039;Or\",\"description\":\"\",\"potentialAction\":[{\"@type\":\"SearchAction\",\"target\":{\"@type\":\"EntryPoint\",\"urlTemplate\":\"https:\\\/\\\/www.arbre-dor.com\\\/es\\\/?s={search_term_string}\"},\"query-input\":{\"@type\":\"PropertyValueSpecification\",\"valueRequired\":true,\"valueName\":\"search_term_string\"}}],\"inLanguage\":\"es\"},{\"@type\":\"Person\",\"@id\":\"https:\\\/\\\/www.arbre-dor.com\\\/es\\\/#\\\/schema\\\/person\\\/f1191dbb0bfea9e40ba6c36af0e314a0\",\"name\":\"Guillaume Gruat\",\"image\":{\"@type\":\"ImageObject\",\"inLanguage\":\"es\",\"@id\":\"https:\\\/\\\/secure.gravatar.com\\\/avatar\\\/1513396c7ac8c82899917dad2e9fe7f1342b30b31f25d972a498d2fffdec2be0?s=96&d=mm&r=g\",\"url\":\"https:\\\/\\\/secure.gravatar.com\\\/avatar\\\/1513396c7ac8c82899917dad2e9fe7f1342b30b31f25d972a498d2fffdec2be0?s=96&d=mm&r=g\",\"contentUrl\":\"https:\\\/\\\/secure.gravatar.com\\\/avatar\\\/1513396c7ac8c82899917dad2e9fe7f1342b30b31f25d972a498d2fffdec2be0?s=96&d=mm&r=g\",\"caption\":\"Guillaume Gruat\"},\"description\":\"G\u00e9rant du camping L'Arbre d'Or et pr\u00e9sident du SDHPA des Landes, je connais les Landes comme ma poche.\"}]}<\/script>\n<!-- \/ Yoast SEO plugin. -->","yoast_head_json":{"title":"\u00bfPor qu\u00e9 pasar el invierno en las Landas? Nuestros consejos","description":"Descubra, en nuestra gu\u00eda de vacaciones, las buenas razones para visitar las Landas en invierno: naturaleza, entorno, alojamientos, ofertas promocionales, senderismo, surf, carro de vela, restaurantes...","robots":{"index":"index","follow":"follow","max-snippet":"max-snippet:-1","max-image-preview":"max-image-preview:large","max-video-preview":"max-video-preview:-1"},"canonical":"https:\/\/www.arbre-dor.com\/es\/turismo-landas\/estancia-invierno-landas\/","og_locale":"es_ES","og_type":"article","og_title":"\u00bfPor qu\u00e9 pasar el invierno en las Landas? Nuestros consejos","og_description":"Descubra, en nuestra gu\u00eda de vacaciones, las buenas razones para visitar las Landas en invierno: naturaleza, entorno, alojamientos, ofertas promocionales, senderismo, surf, carro de vela, restaurantes...","og_url":"https:\/\/www.arbre-dor.com\/es\/turismo-landas\/estancia-invierno-landas\/","og_site_name":"Camping l&#039;Arbre d&#039;Or","article_published_time":"2023-09-21T13:18:10+00:00","article_modified_time":"2026-09-03T12:53:53+00:00","og_image":[{"width":2050,"height":1025,"url":"https:\/\/www.arbre-dor.com\/wp-content\/uploads\/2023\/09\/Landes-en-hiver.jpg","type":"image\/jpeg"}],"author":"Guillaume Gruat","twitter_card":"summary_large_image","twitter_misc":{"Escrito por":"Guillaume Gruat","Tiempo de lectura":"3 minutos"},"schema":{"@context":"https:\/\/schema.org","@graph":[{"@type":"Article","@id":"https:\/\/www.arbre-dor.com\/es\/turismo-landas\/estancia-invierno-landas\/#article","isPartOf":{"@id":"https:\/\/www.arbre-dor.com\/es\/turismo-landas\/estancia-invierno-landas\/"},"author":{"name":"Guillaume Gruat","@id":"https:\/\/www.arbre-dor.com\/es\/#\/schema\/person\/f1191dbb0bfea9e40ba6c36af0e314a0"},"headline":"Estancia de invierno en las Landas","datePublished":"2023-09-21T13:18:10+00:00","dateModified":"2026-09-03T12:53:53+00:00","mainEntityOfPage":{"@id":"https:\/\/www.arbre-dor.com\/es\/turismo-landas\/estancia-invierno-landas\/"},"wordCount":558,"commentCount":0,"image":{"@id":"https:\/\/www.arbre-dor.com\/es\/turismo-landas\/estancia-invierno-landas\/#primaryimage"},"thumbnailUrl":"https:\/\/www.arbre-dor.com\/wp-content\/uploads\/2023\/09\/Landes-en-hiver.jpg","articleSection":["Turismo Landas"],"inLanguage":"es","potentialAction":[{"@type":"CommentAction","name":"Comment","target":["https:\/\/www.arbre-dor.com\/es\/turismo-landas\/estancia-invierno-landas\/#respond"]}]},{"@type":"WebPage","@id":"https:\/\/www.arbre-dor.com\/es\/turismo-landas\/estancia-invierno-landas\/","url":"https:\/\/www.arbre-dor.com\/es\/turismo-landas\/estancia-invierno-landas\/","name":"\u00bfPor qu\u00e9 pasar el invierno en las Landas? Nuestros consejos","isPartOf":{"@id":"https:\/\/www.arbre-dor.com\/es\/#website"},"primaryImageOfPage":{"@id":"https:\/\/www.arbre-dor.com\/es\/turismo-landas\/estancia-invierno-landas\/#primaryimage"},"image":{"@id":"https:\/\/www.arbre-dor.com\/es\/turismo-landas\/estancia-invierno-landas\/#primaryimage"},"thumbnailUrl":"https:\/\/www.arbre-dor.com\/wp-content\/uploads\/2023\/09\/Landes-en-hiver.jpg","datePublished":"2023-09-21T13:18:10+00:00","dateModified":"2026-09-03T12:53:53+00:00","author":{"@id":"https:\/\/www.arbre-dor.com\/es\/#\/schema\/person\/f1191dbb0bfea9e40ba6c36af0e314a0"},"description":"Descubra, en nuestra gu\u00eda de vacaciones, las buenas razones para visitar las Landas en invierno: naturaleza, entorno, alojamientos, ofertas promocionales, senderismo, surf, carro de vela, restaurantes...","breadcrumb":{"@id":"https:\/\/www.arbre-dor.com\/es\/turismo-landas\/estancia-invierno-landas\/#breadcrumb"},"inLanguage":"es","potentialAction":[{"@type":"ReadAction","target":["https:\/\/www.arbre-dor.com\/es\/turismo-landas\/estancia-invierno-landas\/"]}]},{"@type":"ImageObject","inLanguage":"es","@id":"https:\/\/www.arbre-dor.com\/es\/turismo-landas\/estancia-invierno-landas\/#primaryimage","url":"https:\/\/www.arbre-dor.com\/wp-content\/uploads\/2023\/09\/Landes-en-hiver.jpg","contentUrl":"https:\/\/www.arbre-dor.com\/wp-content\/uploads\/2023\/09\/Landes-en-hiver.jpg","width":2050,"height":1025,"caption":"Landes En Hiver"},{"@type":"BreadcrumbList","@id":"https:\/\/www.arbre-dor.com\/es\/turismo-landas\/estancia-invierno-landas\/#breadcrumb","itemListElement":[{"@type":"ListItem","position":1,"name":"Camping Biscarrosse","item":"https:\/\/www.arbre-dor.com\/es\/"},{"@type":"ListItem","position":2,"name":"Turismo Landas","item":"https:\/\/www.arbre-dor.com\/es\/.\/turismo-landas\/"},{"@type":"ListItem","position":3,"name":"Estancia de invierno en las Landas"}]},{"@type":"WebSite","@id":"https:\/\/www.arbre-dor.com\/es\/#website","url":"https:\/\/www.arbre-dor.com\/es\/","name":"Camping l&#039;Arbre d&#039;Or","description":"","potentialAction":[{"@type":"SearchAction","target":{"@type":"EntryPoint","urlTemplate":"https:\/\/www.arbre-dor.com\/es\/?s={search_term_string}"},"query-input":{"@type":"PropertyValueSpecification","valueRequired":true,"valueName":"search_term_string"}}],"inLanguage":"es"},{"@type":"Person","@id":"https:\/\/www.arbre-dor.com\/es\/#\/schema\/person\/f1191dbb0bfea9e40ba6c36af0e314a0","name":"Guillaume Gruat","image":{"@type":"ImageObject","inLanguage":"es","@id":"https:\/\/secure.gravatar.com\/avatar\/1513396c7ac8c82899917dad2e9fe7f1342b30b31f25d972a498d2fffdec2be0?s=96&d=mm&r=g","url":"https:\/\/secure.gravatar.com\/avatar\/1513396c7ac8c82899917dad2e9fe7f1342b30b31f25d972a498d2fffdec2be0?s=96&d=mm&r=g","contentUrl":"https:\/\/secure.gravatar.com\/avatar\/1513396c7ac8c82899917dad2e9fe7f1342b30b31f25d972a498d2fffdec2be0?s=96&d=mm&r=g","caption":"Guillaume Gruat"},"description":"G\u00e9rant du camping L'Arbre d'Or et pr\u00e9sident du SDHPA des Landes, je connais les Landes comme ma poche."}]}},"_links":{"self":[{"href":"https:\/\/www.arbre-dor.com\/es\/wp-json\/wp\/v2\/posts\/14273","targetHints":{"allow":["GET"]}}],"collection":[{"href":"https:\/\/www.arbre-dor.com\/es\/wp-json\/wp\/v2\/posts"}],"about":[{"href":"https:\/\/www.arbre-dor.com\/es\/wp-json\/wp\/v2\/types\/post"}],"author":[{"embeddable":true,"href":"https:\/\/www.arbre-dor.com\/es\/wp-json\/wp\/v2\/users\/4"}],"replies":[{"embeddable":true,"href":"https:\/\/www.arbre-dor.com\/es\/wp-json\/wp\/v2\/comments?post=14273"}],"version-history":[{"count":2,"href":"https:\/\/www.arbre-dor.com\/es\/wp-json\/wp\/v2\/posts\/14273\/revisions"}],"predecessor-version":[{"id":14422,"href":"https:\/\/www.arbre-dor.com\/es\/wp-json\/wp\/v2\/posts\/14273\/revisions\/14422"}],"wp:featuredmedia":[{"embeddable":true,"href":"https:\/\/www.arbre-dor.com\/es\/wp-json\/wp\/v2\/media\/4141"}],"wp:attachment":[{"href":"https:\/\/www.arbre-dor.com\/es\/wp-json\/wp\/v2\/media?parent=14273"}],"wp:term":[{"taxonomy":"category","embeddable":true,"href":"https:\/\/www.arbre-dor.com\/es\/wp-json\/wp\/v2\/categories?post=14273"},{"taxonomy":"post_tag","embeddable":true,"href":"https:\/\/www.arbre-dor.com\/es\/wp-json\/wp\/v2\/tags?post=14273"}],"curies":[{"name":"wp","href":"https:\/\/api.w.org\/{rel}","templated":true}]}}