{"id":14276,"date":"2023-09-21T12:56:28","date_gmt":"2023-09-21T12:56:28","guid":{"rendered":"https:\/\/www.arbre-dor.com\/?p=14276"},"modified":"2026-09-03T12:53:54","modified_gmt":"2026-09-03T12:53:54","slug":"bosque-de-las-landas","status":"publish","type":"post","link":"https:\/\/www.arbre-dor.com\/es\/turismo-landas\/bosque-de-las-landas\/","title":{"rendered":"El bosque de las Landas"},"content":{"rendered":"<h2>Historia del bosque de las Landas<\/h2>\n<p>El bosque de las Landas cubre una buena parte del territorio de dos departamentos vecinos, las <a href=\"https:\/\/www.arbre-dor.com\/es\/turismo-landas\/\">Landas<\/a>, de donde toma su nombre, y la <a href=\"https:\/\/www.arbre-dor.com\/es\/camping-4-estrellas-gironda\/turismo-gironda\/\">Gironda<\/a>.<br \/>\nAunque hoy en d\u00eda estamos acostumbrados a la infinidad de pinos mar\u00edtimos que se alzan aqu\u00ed, resulta interesante se\u00f1alar que este macizo forestal fue en origen una vasta extensi\u00f3n de tierras pantanosas y poco pobladas.<br \/>\nEn 1857, Napole\u00f3n III puso fin a la pr\u00e1ctica pastoril en este territorio, obligando a los propietarios de tierras y a las colectividades locales a plantar pinos, con el fin de drenar y sanear el terreno land\u00e9s.<br \/>\nEl crecimiento del macizo forestal beneficiar\u00eda m\u00e1s tarde a la regi\u00f3n vin\u00edcola del M\u00e9doc.<br \/>\nEn efecto, el bosque land\u00e9s protege los vi\u00f1edos de los vientos fr\u00edos del oc\u00e9ano Atl\u00e1ntico, favoreciendo su desarrollo y permitiendo producir una variedad de vinos de calidad como el Merlot o el Cabernet Sauvignon.<br \/>\nPero si hay otra industria que ha sabido sacar partido de este emblem\u00e1tico bosque, esa es el turismo.<br \/>\nEl bosque de las Landas es, de hecho, uno de los destinos tur\u00edsticos imprescindibles del suroeste de Francia.<br \/>\nEs propicio tanto para el senderismo como para los paseos en bicicleta o a caballo.<br \/>\nEs, a veces, el \u00abrefugio\u00bb de quienes no tienen especiales ganas de ir a la playa, sobre todo cuando esta est\u00e1 abarrotada, y que prefieren disfrutar de la calma en torno al lago de Biscarrosse-Parentis o al estanque de Cazaux-Sanguinet, cerca de nuestro <a href=\"\/\">camping en las Landas<\/a>.<\/p>\n<h2>\u00bfQui\u00e9n plant\u00f3 el bosque de las Landas?<\/h2>\n<p>A principios del siglo XVIII, mucho antes de la plantaci\u00f3n del bosque de las Landas, algunos propietarios adinerados pensaban primero en enriquecerse cultivando arroz, cacahuetes y hoja de tabaco.<br \/>\nEn estas tierras a\u00fan v\u00edrgenes y a la vez pantanosas, tambi\u00e9n contaban con desarrollar una actividad pastoril.<br \/>\nTodo ello termin\u00f3 en fracaso. En 1857, Napole\u00f3n III firm\u00f3 un decreto que obligaba a estos mismos propietarios a empezar a plantar pinos.<br \/>\nEl objetivo, esta vez, era drenar y sanear el territorio.<\/p>\n<h2>Un espacio natural tranquilo y bien conservado<\/h2>\n<p>El bosque de las Landas, que se extiende a lo largo del oc\u00e9ano Atl\u00e1ntico, est\u00e1 compuesto principalmente por pinos mar\u00edtimos. Pero en el parque natural tambi\u00e9n se pueden encontrar otras especies, como el roble.<br \/>\nEl bosque muestra paisajes distintos seg\u00fan las estaciones: estanques, turberas, colinas, pinos\u2026<br \/>\nAdem\u00e1s, recibe distintas denominaciones: bosque de uso comunal (for\u00eat usag\u00e8re) y bosque de dominio p\u00fablico (for\u00eat domaniale).<br \/>\nEl bosque de uso comunal es aquel en el que los habitantes pueden recoger le\u00f1a, cazar, pescar y practicar la actividad pastoril. Esta parte del bosque fue concedida a sus antepasados lejanos en el siglo XIII por el pr\u00edncipe de Gales, Eduardo.<br \/>\nLa Oficina Nacional de Bosques, por su parte, gestiona el bosque de dominio p\u00fablico (o bosque de producci\u00f3n). Esta parte del macizo land\u00e9s se utiliza para la producci\u00f3n de madera destinada a la industria papelera y a los aserraderos.<\/p>\n<h2>Las Landas: el mayor bosque de Europa<\/h2>\n<p>El bosque de las Landas se extiende a lo largo de casi un mill\u00f3n de hect\u00e1reas. Esta inmensidad es uno de sus principales atractivos. El macizo ofrece numerosas posibilidades de descubrimiento, especialmente mediante rutas de senderismo o paseos a caballo o en bicicleta.<br \/>\nEl hecho de que se extienda entre los departamentos de las Landas y la Gironda es otra ventaja considerable. Esto ofrece a los visitantes la posibilidad de elegir entre varios lugares de estancia, como las localidades costeras landesas de Biscarrosse o Parentis, o destinos tur\u00edsticos girondinos como Arcachon\u2026<br \/>\nEl entorno es tranquilo, propicio para el descanso. Esto es especialmente cierto en torno al lago de Biscarrosse-Parentis o al estanque de Cazaux-Sanguinet.<br \/>\nLa cercan\u00eda de estas masas de agua con el bosque land\u00e9s las convierte en lugares apacibles, y al mismo tiempo no muy alejados del oc\u00e9ano.<\/p>\n<h2>Un paseo por el bosque de las Landas en Biscarrosse<\/h2>\n<p>El bosque de las Landas es la felicidad de los senderistas y de los amantes de la naturaleza, especialmente en Biscarrosse o en Parentis-en-Born.<br \/>\nLos visitantes tienen adem\u00e1s la oportunidad de descubrir y disfrutar del lago que lleva el nombre de estas dos tranquilas localidades del suroeste.<br \/>\nMuchos aprovechan para practicar actividades acu\u00e1ticas o simplemente relajarse, antes de partir a explorar las orillas boscosas que caracterizan la zona.<br \/>\nSi bien el senderismo tiene mucho \u00e9xito en el coraz\u00f3n del bosque land\u00e9s, tambi\u00e9n es posible recorrerlo a caballo o en poni.<br \/>\nMuchos visitantes recorren tambi\u00e9n el paisaje forestal en bicicleta, aprovechando las numerosas v\u00edas ciclistas, en particular las c\u00e9lebres pistas de la V\u00e9lodyss\u00e9e Landes, entre oc\u00e9ano, dunas, lagos y bosques.<br \/>\nLa V\u00e9lodyss\u00e9e es una de las rutas ciclistas imprescindibles, que une Biscarrosse Plage con Parentis-en-Born.<br \/>\nEste recorrido de casi 33 km permite, entre otras cosas, recorrer el cord\u00f3n dunar desde el litoral y despu\u00e9s bordear las orillas de los lagos de Biscarrosse.<br \/>\nPara un paseo en pareja, el Chemin des Sabas es un recorrido especialmente apreciado, que permite llegar hasta la playa secreta de Canton, en el lago de Sanguinet.<br \/>\nTambi\u00e9n cabe mencionar Gastes y Sainte-Eulalie, cuyas playas son propicias para paseos entre amigos o en familia.<br \/>\nY para los amantes de las panor\u00e1micas, una parada en el <a href=\"https:\/\/www.arbre-dor.com\/es\/turismo-landas\/faro-de-contis\/\">faro de Contis<\/a> es obligada: esta elegante torre blanca y negra, enclavada entre el bosque y el oc\u00e9ano, ofrece una vista excepcional sobre el paisaje land\u00e9s.<\/p>\n","protected":false},"excerpt":{"rendered":"<p>Historia del bosque de las Landas El bosque de las Landas cubre una buena parte del territorio de dos departamentos vecinos, las Landas, de donde toma su nombre, y la Gironda. Aunque hoy en d\u00eda estamos acostumbrados a la infinidad de pinos mar\u00edtimos que se alzan aqu\u00ed, resulta interesante se\u00f1alar que este macizo forestal fue [&hellip;]<\/p>\n","protected":false},"author":4,"featured_media":4119,"comment_status":"open","ping_status":"closed","sticky":false,"template":"","format":"standard","meta":{"_acf_changed":false,"_et_pb_use_builder":"","_et_pb_old_content":"","_et_gb_content_width":"","inline_featured_image":false,"footnotes":""},"categories":[81],"tags":[22,44],"class_list":["post-14276","post","type-post","status-publish","format-standard","has-post-thumbnail","category-turismo-landas","tag-a-visiter-decouvrir","tag-visitar-descubrir"],"acf":{"essentiel_a_retenir":null,"faq":null,"sources":null,"sources_verifie_le":null,"cta_bas_de_page":{"titre":"Un bosque para explorar sin salir del camping","texte":"El camping L'Arbre d'Or, ubicado en pleno bosque de las Landas en Parentis-en-Born, le ofrece acceso directo a senderos con sombra y al lago de Biscarrosse. Parcelas y mobil-homes rodeados de pinos para una estancia verde."}},"yoast_head":"<!-- This site is optimized with the Yoast SEO plugin v28.4 - https:\/\/yoast.com\/product\/yoast-seo-wordpress\/ -->\n<title>El bosque de las Landas | Historia y descubrimiento del bosque de las Landas<\/title>\n<meta name=\"description\" content=\"Descubra la majestuosidad del bosque de las Landas. Explore su belleza natural y su fauna y flora \u00fanicas. Sum\u00e9rjase en un ecosistema fascinante.\" \/>\n<meta name=\"robots\" content=\"index, follow, max-snippet:-1, max-image-preview:large, max-video-preview:-1\" \/>\n<link rel=\"canonical\" href=\"https:\/\/www.arbre-dor.com\/es\/turismo-landas\/bosque-de-las-landas\/\" \/>\n<meta property=\"og:locale\" content=\"es_ES\" \/>\n<meta property=\"og:type\" content=\"article\" \/>\n<meta property=\"og:title\" content=\"El bosque de las Landas | Historia y descubrimiento del bosque de las Landas\" \/>\n<meta property=\"og:description\" content=\"Descubra la majestuosidad del bosque de las Landas. Explore su belleza natural y su fauna y flora \u00fanicas. Sum\u00e9rjase en un ecosistema fascinante.\" \/>\n<meta property=\"og:url\" content=\"https:\/\/www.arbre-dor.com\/es\/turismo-landas\/bosque-de-las-landas\/\" \/>\n<meta property=\"og:site_name\" content=\"Camping l&#039;Arbre d&#039;Or\" \/>\n<meta property=\"article:published_time\" content=\"2023-09-21T12:56:28+00:00\" \/>\n<meta property=\"article:modified_time\" content=\"2026-09-03T12:53:54+00:00\" \/>\n<meta property=\"og:image\" content=\"https:\/\/www.arbre-dor.com\/wp-content\/uploads\/2023\/09\/Decouvrir-la-foret-dans-les-landes.jpg\" \/>\n\t<meta property=\"og:image:width\" content=\"2050\" \/>\n\t<meta property=\"og:image:height\" content=\"1368\" \/>\n\t<meta property=\"og:image:type\" content=\"image\/jpeg\" \/>\n<meta name=\"author\" content=\"Guillaume Gruat\" \/>\n<meta name=\"twitter:card\" content=\"summary_large_image\" \/>\n<meta name=\"twitter:label1\" content=\"Escrito por\" \/>\n\t<meta name=\"twitter:data1\" content=\"Guillaume Gruat\" \/>\n\t<meta name=\"twitter:label2\" content=\"Tiempo de lectura\" \/>\n\t<meta name=\"twitter:data2\" content=\"5 minutos\" \/>\n<script type=\"application\/ld+json\" class=\"yoast-schema-graph\">{\"@context\":\"https:\\\/\\\/schema.org\",\"@graph\":[{\"@type\":\"Article\",\"@id\":\"https:\\\/\\\/www.arbre-dor.com\\\/es\\\/turismo-landas\\\/bosque-de-las-landas\\\/#article\",\"isPartOf\":{\"@id\":\"https:\\\/\\\/www.arbre-dor.com\\\/es\\\/turismo-landas\\\/bosque-de-las-landas\\\/\"},\"author\":{\"name\":\"Guillaume Gruat\",\"@id\":\"https:\\\/\\\/www.arbre-dor.com\\\/es\\\/#\\\/schema\\\/person\\\/f1191dbb0bfea9e40ba6c36af0e314a0\"},\"headline\":\"El bosque de las Landas\",\"datePublished\":\"2023-09-21T12:56:28+00:00\",\"dateModified\":\"2026-09-03T12:53:54+00:00\",\"mainEntityOfPage\":{\"@id\":\"https:\\\/\\\/www.arbre-dor.com\\\/es\\\/turismo-landas\\\/bosque-de-las-landas\\\/\"},\"wordCount\":953,\"commentCount\":0,\"image\":{\"@id\":\"https:\\\/\\\/www.arbre-dor.com\\\/es\\\/turismo-landas\\\/bosque-de-las-landas\\\/#primaryimage\"},\"thumbnailUrl\":\"https:\\\/\\\/www.arbre-dor.com\\\/wp-content\\\/uploads\\\/2023\\\/09\\\/Decouvrir-la-foret-dans-les-landes.jpg\",\"keywords\":[\"A visiter \\\/ d\u00e9couvrir\",\"Visitar \\\/ descubrir\"],\"articleSection\":[\"Turismo Landas\"],\"inLanguage\":\"es\",\"potentialAction\":[{\"@type\":\"CommentAction\",\"name\":\"Comment\",\"target\":[\"https:\\\/\\\/www.arbre-dor.com\\\/es\\\/turismo-landas\\\/bosque-de-las-landas\\\/#respond\"]}]},{\"@type\":\"WebPage\",\"@id\":\"https:\\\/\\\/www.arbre-dor.com\\\/es\\\/turismo-landas\\\/bosque-de-las-landas\\\/\",\"url\":\"https:\\\/\\\/www.arbre-dor.com\\\/es\\\/turismo-landas\\\/bosque-de-las-landas\\\/\",\"name\":\"El bosque de las Landas | Historia y descubrimiento del bosque de las Landas\",\"isPartOf\":{\"@id\":\"https:\\\/\\\/www.arbre-dor.com\\\/es\\\/#website\"},\"primaryImageOfPage\":{\"@id\":\"https:\\\/\\\/www.arbre-dor.com\\\/es\\\/turismo-landas\\\/bosque-de-las-landas\\\/#primaryimage\"},\"image\":{\"@id\":\"https:\\\/\\\/www.arbre-dor.com\\\/es\\\/turismo-landas\\\/bosque-de-las-landas\\\/#primaryimage\"},\"thumbnailUrl\":\"https:\\\/\\\/www.arbre-dor.com\\\/wp-content\\\/uploads\\\/2023\\\/09\\\/Decouvrir-la-foret-dans-les-landes.jpg\",\"datePublished\":\"2023-09-21T12:56:28+00:00\",\"dateModified\":\"2026-09-03T12:53:54+00:00\",\"author\":{\"@id\":\"https:\\\/\\\/www.arbre-dor.com\\\/es\\\/#\\\/schema\\\/person\\\/f1191dbb0bfea9e40ba6c36af0e314a0\"},\"description\":\"Descubra la majestuosidad del bosque de las Landas. Explore su belleza natural y su fauna y flora \u00fanicas. Sum\u00e9rjase en un ecosistema fascinante.\",\"breadcrumb\":{\"@id\":\"https:\\\/\\\/www.arbre-dor.com\\\/es\\\/turismo-landas\\\/bosque-de-las-landas\\\/#breadcrumb\"},\"inLanguage\":\"es\",\"potentialAction\":[{\"@type\":\"ReadAction\",\"target\":[\"https:\\\/\\\/www.arbre-dor.com\\\/es\\\/turismo-landas\\\/bosque-de-las-landas\\\/\"]}]},{\"@type\":\"ImageObject\",\"inLanguage\":\"es\",\"@id\":\"https:\\\/\\\/www.arbre-dor.com\\\/es\\\/turismo-landas\\\/bosque-de-las-landas\\\/#primaryimage\",\"url\":\"https:\\\/\\\/www.arbre-dor.com\\\/wp-content\\\/uploads\\\/2023\\\/09\\\/Decouvrir-la-foret-dans-les-landes.jpg\",\"contentUrl\":\"https:\\\/\\\/www.arbre-dor.com\\\/wp-content\\\/uploads\\\/2023\\\/09\\\/Decouvrir-la-foret-dans-les-landes.jpg\",\"width\":2050,\"height\":1368,\"caption\":\"Decouvrir La Foret Dans Les Landes\"},{\"@type\":\"BreadcrumbList\",\"@id\":\"https:\\\/\\\/www.arbre-dor.com\\\/es\\\/turismo-landas\\\/bosque-de-las-landas\\\/#breadcrumb\",\"itemListElement\":[{\"@type\":\"ListItem\",\"position\":1,\"name\":\"Camping Biscarrosse\",\"item\":\"https:\\\/\\\/www.arbre-dor.com\\\/es\\\/\"},{\"@type\":\"ListItem\",\"position\":2,\"name\":\"Turismo Landas\",\"item\":\"https:\\\/\\\/www.arbre-dor.com\\\/es\\\/.\\\/turismo-landas\\\/\"},{\"@type\":\"ListItem\",\"position\":3,\"name\":\"El bosque de las Landas\"}]},{\"@type\":\"WebSite\",\"@id\":\"https:\\\/\\\/www.arbre-dor.com\\\/es\\\/#website\",\"url\":\"https:\\\/\\\/www.arbre-dor.com\\\/es\\\/\",\"name\":\"Camping l&#039;Arbre d&#039;Or\",\"description\":\"\",\"potentialAction\":[{\"@type\":\"SearchAction\",\"target\":{\"@type\":\"EntryPoint\",\"urlTemplate\":\"https:\\\/\\\/www.arbre-dor.com\\\/es\\\/?s={search_term_string}\"},\"query-input\":{\"@type\":\"PropertyValueSpecification\",\"valueRequired\":true,\"valueName\":\"search_term_string\"}}],\"inLanguage\":\"es\"},{\"@type\":\"Person\",\"@id\":\"https:\\\/\\\/www.arbre-dor.com\\\/es\\\/#\\\/schema\\\/person\\\/f1191dbb0bfea9e40ba6c36af0e314a0\",\"name\":\"Guillaume Gruat\",\"image\":{\"@type\":\"ImageObject\",\"inLanguage\":\"es\",\"@id\":\"https:\\\/\\\/secure.gravatar.com\\\/avatar\\\/1513396c7ac8c82899917dad2e9fe7f1342b30b31f25d972a498d2fffdec2be0?s=96&d=mm&r=g\",\"url\":\"https:\\\/\\\/secure.gravatar.com\\\/avatar\\\/1513396c7ac8c82899917dad2e9fe7f1342b30b31f25d972a498d2fffdec2be0?s=96&d=mm&r=g\",\"contentUrl\":\"https:\\\/\\\/secure.gravatar.com\\\/avatar\\\/1513396c7ac8c82899917dad2e9fe7f1342b30b31f25d972a498d2fffdec2be0?s=96&d=mm&r=g\",\"caption\":\"Guillaume Gruat\"},\"description\":\"G\u00e9rant du camping L'Arbre d'Or et pr\u00e9sident du SDHPA des Landes, je connais les Landes comme ma poche.\"}]}<\/script>\n<!-- \/ Yoast SEO plugin. -->","yoast_head_json":{"title":"El bosque de las Landas | Historia y descubrimiento del bosque de las Landas","description":"Descubra la majestuosidad del bosque de las Landas. Explore su belleza natural y su fauna y flora \u00fanicas. Sum\u00e9rjase en un ecosistema fascinante.","robots":{"index":"index","follow":"follow","max-snippet":"max-snippet:-1","max-image-preview":"max-image-preview:large","max-video-preview":"max-video-preview:-1"},"canonical":"https:\/\/www.arbre-dor.com\/es\/turismo-landas\/bosque-de-las-landas\/","og_locale":"es_ES","og_type":"article","og_title":"El bosque de las Landas | Historia y descubrimiento del bosque de las Landas","og_description":"Descubra la majestuosidad del bosque de las Landas. Explore su belleza natural y su fauna y flora \u00fanicas. Sum\u00e9rjase en un ecosistema fascinante.","og_url":"https:\/\/www.arbre-dor.com\/es\/turismo-landas\/bosque-de-las-landas\/","og_site_name":"Camping l&#039;Arbre d&#039;Or","article_published_time":"2023-09-21T12:56:28+00:00","article_modified_time":"2026-09-03T12:53:54+00:00","og_image":[{"width":2050,"height":1368,"url":"https:\/\/www.arbre-dor.com\/wp-content\/uploads\/2023\/09\/Decouvrir-la-foret-dans-les-landes.jpg","type":"image\/jpeg"}],"author":"Guillaume Gruat","twitter_card":"summary_large_image","twitter_misc":{"Escrito por":"Guillaume Gruat","Tiempo de lectura":"5 minutos"},"schema":{"@context":"https:\/\/schema.org","@graph":[{"@type":"Article","@id":"https:\/\/www.arbre-dor.com\/es\/turismo-landas\/bosque-de-las-landas\/#article","isPartOf":{"@id":"https:\/\/www.arbre-dor.com\/es\/turismo-landas\/bosque-de-las-landas\/"},"author":{"name":"Guillaume Gruat","@id":"https:\/\/www.arbre-dor.com\/es\/#\/schema\/person\/f1191dbb0bfea9e40ba6c36af0e314a0"},"headline":"El bosque de las Landas","datePublished":"2023-09-21T12:56:28+00:00","dateModified":"2026-09-03T12:53:54+00:00","mainEntityOfPage":{"@id":"https:\/\/www.arbre-dor.com\/es\/turismo-landas\/bosque-de-las-landas\/"},"wordCount":953,"commentCount":0,"image":{"@id":"https:\/\/www.arbre-dor.com\/es\/turismo-landas\/bosque-de-las-landas\/#primaryimage"},"thumbnailUrl":"https:\/\/www.arbre-dor.com\/wp-content\/uploads\/2023\/09\/Decouvrir-la-foret-dans-les-landes.jpg","keywords":["A visiter \/ d\u00e9couvrir","Visitar \/ descubrir"],"articleSection":["Turismo Landas"],"inLanguage":"es","potentialAction":[{"@type":"CommentAction","name":"Comment","target":["https:\/\/www.arbre-dor.com\/es\/turismo-landas\/bosque-de-las-landas\/#respond"]}]},{"@type":"WebPage","@id":"https:\/\/www.arbre-dor.com\/es\/turismo-landas\/bosque-de-las-landas\/","url":"https:\/\/www.arbre-dor.com\/es\/turismo-landas\/bosque-de-las-landas\/","name":"El bosque de las Landas | Historia y descubrimiento del bosque de las Landas","isPartOf":{"@id":"https:\/\/www.arbre-dor.com\/es\/#website"},"primaryImageOfPage":{"@id":"https:\/\/www.arbre-dor.com\/es\/turismo-landas\/bosque-de-las-landas\/#primaryimage"},"image":{"@id":"https:\/\/www.arbre-dor.com\/es\/turismo-landas\/bosque-de-las-landas\/#primaryimage"},"thumbnailUrl":"https:\/\/www.arbre-dor.com\/wp-content\/uploads\/2023\/09\/Decouvrir-la-foret-dans-les-landes.jpg","datePublished":"2023-09-21T12:56:28+00:00","dateModified":"2026-09-03T12:53:54+00:00","author":{"@id":"https:\/\/www.arbre-dor.com\/es\/#\/schema\/person\/f1191dbb0bfea9e40ba6c36af0e314a0"},"description":"Descubra la majestuosidad del bosque de las Landas. Explore su belleza natural y su fauna y flora \u00fanicas. Sum\u00e9rjase en un ecosistema fascinante.","breadcrumb":{"@id":"https:\/\/www.arbre-dor.com\/es\/turismo-landas\/bosque-de-las-landas\/#breadcrumb"},"inLanguage":"es","potentialAction":[{"@type":"ReadAction","target":["https:\/\/www.arbre-dor.com\/es\/turismo-landas\/bosque-de-las-landas\/"]}]},{"@type":"ImageObject","inLanguage":"es","@id":"https:\/\/www.arbre-dor.com\/es\/turismo-landas\/bosque-de-las-landas\/#primaryimage","url":"https:\/\/www.arbre-dor.com\/wp-content\/uploads\/2023\/09\/Decouvrir-la-foret-dans-les-landes.jpg","contentUrl":"https:\/\/www.arbre-dor.com\/wp-content\/uploads\/2023\/09\/Decouvrir-la-foret-dans-les-landes.jpg","width":2050,"height":1368,"caption":"Decouvrir La Foret Dans Les Landes"},{"@type":"BreadcrumbList","@id":"https:\/\/www.arbre-dor.com\/es\/turismo-landas\/bosque-de-las-landas\/#breadcrumb","itemListElement":[{"@type":"ListItem","position":1,"name":"Camping Biscarrosse","item":"https:\/\/www.arbre-dor.com\/es\/"},{"@type":"ListItem","position":2,"name":"Turismo Landas","item":"https:\/\/www.arbre-dor.com\/es\/.\/turismo-landas\/"},{"@type":"ListItem","position":3,"name":"El bosque de las Landas"}]},{"@type":"WebSite","@id":"https:\/\/www.arbre-dor.com\/es\/#website","url":"https:\/\/www.arbre-dor.com\/es\/","name":"Camping l&#039;Arbre d&#039;Or","description":"","potentialAction":[{"@type":"SearchAction","target":{"@type":"EntryPoint","urlTemplate":"https:\/\/www.arbre-dor.com\/es\/?s={search_term_string}"},"query-input":{"@type":"PropertyValueSpecification","valueRequired":true,"valueName":"search_term_string"}}],"inLanguage":"es"},{"@type":"Person","@id":"https:\/\/www.arbre-dor.com\/es\/#\/schema\/person\/f1191dbb0bfea9e40ba6c36af0e314a0","name":"Guillaume Gruat","image":{"@type":"ImageObject","inLanguage":"es","@id":"https:\/\/secure.gravatar.com\/avatar\/1513396c7ac8c82899917dad2e9fe7f1342b30b31f25d972a498d2fffdec2be0?s=96&d=mm&r=g","url":"https:\/\/secure.gravatar.com\/avatar\/1513396c7ac8c82899917dad2e9fe7f1342b30b31f25d972a498d2fffdec2be0?s=96&d=mm&r=g","contentUrl":"https:\/\/secure.gravatar.com\/avatar\/1513396c7ac8c82899917dad2e9fe7f1342b30b31f25d972a498d2fffdec2be0?s=96&d=mm&r=g","caption":"Guillaume Gruat"},"description":"G\u00e9rant du camping L'Arbre d'Or et pr\u00e9sident du SDHPA des Landes, je connais les Landes comme ma poche."}]}},"_links":{"self":[{"href":"https:\/\/www.arbre-dor.com\/es\/wp-json\/wp\/v2\/posts\/14276","targetHints":{"allow":["GET"]}}],"collection":[{"href":"https:\/\/www.arbre-dor.com\/es\/wp-json\/wp\/v2\/posts"}],"about":[{"href":"https:\/\/www.arbre-dor.com\/es\/wp-json\/wp\/v2\/types\/post"}],"author":[{"embeddable":true,"href":"https:\/\/www.arbre-dor.com\/es\/wp-json\/wp\/v2\/users\/4"}],"replies":[{"embeddable":true,"href":"https:\/\/www.arbre-dor.com\/es\/wp-json\/wp\/v2\/comments?post=14276"}],"version-history":[{"count":2,"href":"https:\/\/www.arbre-dor.com\/es\/wp-json\/wp\/v2\/posts\/14276\/revisions"}],"predecessor-version":[{"id":14434,"href":"https:\/\/www.arbre-dor.com\/es\/wp-json\/wp\/v2\/posts\/14276\/revisions\/14434"}],"wp:featuredmedia":[{"embeddable":true,"href":"https:\/\/www.arbre-dor.com\/es\/wp-json\/wp\/v2\/media\/4119"}],"wp:attachment":[{"href":"https:\/\/www.arbre-dor.com\/es\/wp-json\/wp\/v2\/media?parent=14276"}],"wp:term":[{"taxonomy":"category","embeddable":true,"href":"https:\/\/www.arbre-dor.com\/es\/wp-json\/wp\/v2\/categories?post=14276"},{"taxonomy":"post_tag","embeddable":true,"href":"https:\/\/www.arbre-dor.com\/es\/wp-json\/wp\/v2\/tags?post=14276"}],"curies":[{"name":"wp","href":"https:\/\/api.w.org\/{rel}","templated":true}]}}